{"id":14672,"date":"2018-01-23T14:38:13","date_gmt":"2018-01-23T13:38:13","guid":{"rendered":"http:\/\/www.messinaoggi.it\/website\/?p=14672"},"modified":"2018-01-23T14:38:13","modified_gmt":"2018-01-23T13:38:13","slug":"centro-commerciale-zafferia-vas-o-non-vas-dipende-dalla-regione","status":"publish","type":"post","link":"https:\/\/www.messinaoggi.it\/website\/2018\/01\/23\/centro-commerciale-zafferia-vas-o-non-vas-dipende-dalla-regione\/","title":{"rendered":"Centro Commerciale Zafferia, Vas o non Vas? dipende dalla Regione"},"content":{"rendered":"<p style=\"text-align: justify;\">Un progetto nato nel 2005, approvato nel 2011 ma ancora impantanato nei meandri delle stanze di Palazzo Zanca e della Regione. E dire che la costruzione del Centro Commerciale di Zafferia rappresenterebbe una manna per una citt\u00e0 che ha sete di opere, ma soprattutto di lavoro.<div id=\"div-gpt-ad-Messinaoggi.it-DSK-300x250-corpoart\" style=\"text-align:center;margin:0 auto;\"><\/div><\/p>\n<p style=\"text-align: justify;\">Le proiezioni sarebbero di 300 posti di lavoro durante il periodo della costruzione, posti di lavoro che dovrebbero diventare 500 a opera finita. Naturalmente si parla del personale che dovrebbe occuparsi del Centro Commerciale, che dovrebbe sorgere nei pressi di villa Cianciafara.<div id=\"videoincontent\" style=\"clear:both\";><\/div><\/p>\n<p style=\"text-align: justify;\">La societ\u00e0 immobiliare lombarda Itc ha gi\u00e0 presentato la Valutazione d\u2019Impatto Ambientale, ma adesso si attende il responso della Regione. Tutto dipende alla necessit\u00e0, o meno, della societ\u00e0 di avere in mano la Vas, la Valutazione Ambientale Speciale, che per\u00f2 potrebbe (il condizionale \u00e8 d&#8217;obbligo) non essere necessaria per un\u2019opera di questo tipo.<\/p>\n<div id=\"attachment_14678\" style=\"width: 285px\" class=\"wp-caption alignnone\"><img aria-describedby=\"caption-attachment-14678\" loading=\"lazy\" class=\"size-full wp-image-14678\" src=\"http:\/\/www.messinaoggi.it\/website\/wp-content\/uploads\/2018\/01\/zafferia.jpg\" alt=\"\" width=\"275\" height=\"183\" \/><p id=\"caption-attachment-14678\" class=\"wp-caption-text\">Il progetto del centro commerciale zafferia<\/p><\/div>\n<p style=\"text-align: justify;\">L\u2019argomento torn\u00f2 in auge lo scorso mese di marzo, grazie alla presa di posizione del presidente della commissione consiliare Lavori Pubblici, Carlo Cantali, da sempre favorevole alla costruzione della struttura, che ha cercato di mettere attorno ad un tavolo tutti gli attori, tra qui i rappresentanti della Ccr Immobiliare, che ha raccolto il testimone dell\u2019Itc dopo il fallimento di quest\u2019ultima.<\/p>\n<p style=\"text-align: justify;\">Un investimento da 100 milioni di euro per un\u2019area di i 50 metri quadri, per un cantiere che dovrebbe restare aperto 36 mesi. Servivano il parere del dipartimento Urbanistica e Lavori Pubblici, le carte sono a posto ma per ammissione dello stesso assessore all\u2019Urbanistica, Sergio De Cola: \u201cSi<em> poteva fare pi\u00f9 in fretta\u201d.<\/em><\/p>\n<p style=\"text-align: justify;\">Quindi tutto passa dalla Regione e se quest\u2019ultima dovesse confermare la non obbligatoriet\u00e0 della Vas, l\u2019inizio dei lavori potrebbe essere davvero vicino.<\/p>\n","protected":false},"excerpt":{"rendered":"<p>Un progetto nato nel 2005, approvato nel 2011 ma ancora impantanato nei meandri delle stanze di Palazzo Zanca e della Regione. E dire che la costruzione del Centro Commerciale di Zafferia rappresenterebbe una manna per una citt\u00e0 che ha sete di opere, ma soprattutto di lavoro. Le proiezioni sarebbero di 300 posti di lavoro durante [&hellip;]<\/p>\n","protected":false},"author":1,"featured_media":14679,"comment_status":"closed","ping_status":"open","sticky":false,"template":"","format":"standard","meta":{"ub_ctt_via":"","_mi_skip_tracking":false},"categories":[6],"tags":[],"featured_image_src":"https:\/\/www.messinaoggi.it\/website\/wp-content\/uploads\/2018\/01\/centro-zafferia-1.jpg","author_info":{"display_name":"admin@admin.com","author_link":"https:\/\/www.messinaoggi.it\/website\/author\/adminadmin-com\/"},"digistream_id":0,"digistream":false,"_links":{"self":[{"href":"https:\/\/www.messinaoggi.it\/website\/wp-json\/wp\/v2\/posts\/14672"}],"collection":[{"href":"https:\/\/www.messinaoggi.it\/website\/wp-json\/wp\/v2\/posts"}],"about":[{"href":"https:\/\/www.messinaoggi.it\/website\/wp-json\/wp\/v2\/types\/post"}],"author":[{"embeddable":true,"href":"https:\/\/www.messinaoggi.it\/website\/wp-json\/wp\/v2\/users\/1"}],"replies":[{"embeddable":true,"href":"https:\/\/www.messinaoggi.it\/website\/wp-json\/wp\/v2\/comments?post=14672"}],"version-history":[{"count":0,"href":"https:\/\/www.messinaoggi.it\/website\/wp-json\/wp\/v2\/posts\/14672\/revisions"}],"wp:featuredmedia":[{"embeddable":true,"href":"https:\/\/www.messinaoggi.it\/website\/wp-json\/wp\/v2\/media\/14679"}],"wp:attachment":[{"href":"https:\/\/www.messinaoggi.it\/website\/wp-json\/wp\/v2\/media?parent=14672"}],"wp:term":[{"taxonomy":"category","embeddable":true,"href":"https:\/\/www.messinaoggi.it\/website\/wp-json\/wp\/v2\/categories?post=14672"},{"taxonomy":"post_tag","embeddable":true,"href":"https:\/\/www.messinaoggi.it\/website\/wp-json\/wp\/v2\/tags?post=14672"}],"curies":[{"name":"wp","href":"https:\/\/api.w.org\/{rel}","templated":true}]}}