{"id":146717,"date":"2023-03-16T17:02:28","date_gmt":"2023-03-16T16:02:28","guid":{"rendered":"http:\/\/www.messinaoggi.it\/website\/?p=146717"},"modified":"2023-03-16T17:02:29","modified_gmt":"2023-03-16T16:02:29","slug":"rapina-centro-di-accoglienza-fermati-i-sospettati","status":"publish","type":"post","link":"https:\/\/www.messinaoggi.it\/website\/2023\/03\/16\/rapina-centro-di-accoglienza-fermati-i-sospettati\/","title":{"rendered":"Rapina centro di accoglienza, fermati i sospettati"},"content":{"rendered":"\n<p>E&#8217; sospettato assieme a un diciassettenne di una rapina all\u2019interno di un centro di accoglienza cittadino ai danni di un connazionale. Sottoposto al fermo di polizia giudiziaria un diciannovenne di nazionalit\u00e0 egiziana, senza fissa dimora.<div id=\"div-gpt-ad-Messinaoggi.it-DSK-300x250-corpoart\" style=\"text-align:center;margin:0 auto;\"><\/div><\/p>\n\n\n\n<p><br>L\u2019intervento dei Poliziotti delle Volanti presso la struttura per stranieri ed i successivi accertamenti hanno permesso l\u2019individuazione del diciannovenne e del complice minorenne, nonch\u00e9 la ricostruzione dell\u2019episodio criminale.<div id=\"videoincontent\" style=\"clear:both\";><\/div><\/p>\n\n\n\n<p><br>I Poliziotti hanno infatti appurato che i due sospettati si sarebbero introdotti furtivamente nel centro di accoglienza e avrebbero dato il via alla rapina aggredendo la vittima sorprendendola nel sonno e, dopo averla minacciata con un coltello, le avrebbero sottratto un giubbotto e la somma di 50 euro. Per riuscirci, i due non avrebbero esitato a strattonare pi\u00f9 volte il connazionale e a colpirlo con due violenti pugni.<br><\/p>\n\n\n\n<p>A quel punto sono subito scattate le ricerche per i due giovani, finch\u00e9 i Poliziotti non sono riusciti a risalire ad un appartamento di via Marche, dove i due avevano con ogni probabilit\u00e0 trovato temporaneo alloggio,<br>convinti di essere sfuggiti alla cattura.<\/p>\n\n\n\n<p><br>Il diciannovenne \u00e8 stato trovato dagli Agenti proprio nei pressi di quell\u2019abitazione e, visti i gravi indizi di colpevolezza ed il pericolo di fuga, sottoposto a fermo. <\/p>\n\n\n\n<p>Su disposizione dell\u2019Autorit\u00e0 Giudiziaria, quindi, \u00e8 stato trasferito presso la casa circondariale di Gazzi.<br>Pi\u00f9 complessa la cattura del diciassettenne, il quale, sentito bussare alla porta dell\u2019appartamento, si \u00e8 dato alla fuga calandosi rocambolescamente dal pluviale del quarto piano dello stabile, riuscendo cos\u00ec a dileguarsi<br>temporaneamente.<\/p>\n\n\n\n<p>I Poliziotti lo hanno successivamente rintracciato, dopo ininterrotte ricerche, ad una fermata dei mezzi pubblici di via La Farina, pronto a salire su un bus in partenza. Anche in quell\u2019occasione il minore ha provato<br>a scappare e a nascondersi in un deposito di autobus poco distante, in via Mare Grosso, dove veniva stavolta raggiunto e bloccato.<\/p>\n\n\n\n<p><br>Il minore \u00e8 stato pertanto deferito per il reato di rapina in concorso e, in esecuzione all\u2019ordinanza di aggravamento della pena emessa dal G.U.P. presso il Tribunale per i minorenni di Messina, relativa ad altro<br>procedimento, collocato presso l\u2019Istituto Penale per Minorenni di Catania.<\/p>\n\n\n\n<p><br><\/p>\n","protected":false},"excerpt":{"rendered":"<p>E&#8217; sospettato assieme a un diciassettenne di una rapina all\u2019interno di un centro di accoglienza cittadino ai danni di un connazionale. Sottoposto al fermo di polizia giudiziaria un diciannovenne di nazionalit\u00e0 egiziana, senza fissa dimora. L\u2019intervento dei Poliziotti delle Volanti presso la struttura per stranieri ed i successivi accertamenti hanno permesso l\u2019individuazione del diciannovenne e [&hellip;]<\/p>\n","protected":false},"author":15,"featured_media":146721,"comment_status":"open","ping_status":"open","sticky":false,"template":"","format":"standard","meta":{"ub_ctt_via":"","_mi_skip_tracking":false},"categories":[5],"tags":[54,7066,2664,7067,6216,747],"featured_image_src":"https:\/\/www.messinaoggi.it\/website\/wp-content\/uploads\/2023\/03\/avrebbero-dato-il-via-alla-rapina-.jpeg","author_info":{"display_name":"red.me","author_link":"https:\/\/www.messinaoggi.it\/website\/author\/red-me\/"},"digistream_id":0,"digistream":false,"_links":{"self":[{"href":"https:\/\/www.messinaoggi.it\/website\/wp-json\/wp\/v2\/posts\/146717"}],"collection":[{"href":"https:\/\/www.messinaoggi.it\/website\/wp-json\/wp\/v2\/posts"}],"about":[{"href":"https:\/\/www.messinaoggi.it\/website\/wp-json\/wp\/v2\/types\/post"}],"author":[{"embeddable":true,"href":"https:\/\/www.messinaoggi.it\/website\/wp-json\/wp\/v2\/users\/15"}],"replies":[{"embeddable":true,"href":"https:\/\/www.messinaoggi.it\/website\/wp-json\/wp\/v2\/comments?post=146717"}],"version-history":[{"count":1,"href":"https:\/\/www.messinaoggi.it\/website\/wp-json\/wp\/v2\/posts\/146717\/revisions"}],"predecessor-version":[{"id":146720,"href":"https:\/\/www.messinaoggi.it\/website\/wp-json\/wp\/v2\/posts\/146717\/revisions\/146720"}],"wp:featuredmedia":[{"embeddable":true,"href":"https:\/\/www.messinaoggi.it\/website\/wp-json\/wp\/v2\/media\/146721"}],"wp:attachment":[{"href":"https:\/\/www.messinaoggi.it\/website\/wp-json\/wp\/v2\/media?parent=146717"}],"wp:term":[{"taxonomy":"category","embeddable":true,"href":"https:\/\/www.messinaoggi.it\/website\/wp-json\/wp\/v2\/categories?post=146717"},{"taxonomy":"post_tag","embeddable":true,"href":"https:\/\/www.messinaoggi.it\/website\/wp-json\/wp\/v2\/tags?post=146717"}],"curies":[{"name":"wp","href":"https:\/\/api.w.org\/{rel}","templated":true}]}}