{"id":14670,"date":"2018-01-23T11:05:12","date_gmt":"2018-01-23T10:05:12","guid":{"rendered":"http:\/\/www.messinaoggi.it\/website\/?p=14670"},"modified":"2018-01-23T11:05:12","modified_gmt":"2018-01-23T10:05:12","slug":"siracusano-largo-avignone-intollerabile-contesto-da-area-bombardata","status":"publish","type":"post","link":"https:\/\/www.messinaoggi.it\/website\/2018\/01\/23\/siracusano-largo-avignone-intollerabile-contesto-da-area-bombardata\/","title":{"rendered":"Siracusano: &quot;Largo Avignone, intollerabile contesto da area bombardata&quot;"},"content":{"rendered":"<p>&#8220;Nel caso delle demolizioni di Largo Avignone, il tempo e soprattutto la confusione, hanno aggravato la situazione&#8221;: lo sostiene Gabriele Siracusano che interviene sulla querelle che sta tenendo banco in questi giorni.<br \/>\n&#8220;Dopo 30 anni abbiamo bisogno di chiarezza e di non far trascorrere altro tempo senza decidere. Non vi \u00e8 dubbio che ci sono pezzi di storia da tutelare, ma \u00e8 altrettanto vero che non possiamo lasciare quella zona nel pi\u00f9 totale abbandono, sarebbe un\u2019offesa alla nostra storia. In tutto il Paese sul piano urbanistico si segue la filosofia del consumo di suolo zero, che non blocca l\u2019edilizia ma consente la riqualificazione dell\u2019esistente. L\u2019azione di rigenerazione di un quartiere, parte proprio da questo elementare concetto che consente di usare le altezze rispettando l\u2019esistente, senza la necessit\u00e0 di nuove opere di urbanizzazione e con la possibilit\u00e0 di utilizzare servizi che gi\u00e0 ci sono. Non \u00e8 una \u201ccontrattazione\u201d al ribasso tra 10, 15 o 25 piani.<br \/>\nEsistono zone sismiche nelle quali sono stati costruiti decine di grattacieli. Messina non ha bisogno di consumare altro suolo, ma di rigenerare le aree attualmente dimenticate. Si faccia chiarezza sui vincoli, se c\u2019\u00e8 stato un corto circuito tra le istituzioni, o pi\u00f9 di uno, si dica una volta per tutte se \u00e8 possibile costruire e dove e nel rispetto di quali prescrizioni.<br \/>\nMeritano risposte chiare sia i proprietari della palazzina settecentesca rimasta in piedi a ridosso dell\u2019area demolita che l\u2019impresa che in questi 30 anni ha sicuramente affrontato enormi costi legati ad un progetto pensando d\u2019investire sul futuro. Meritano risposte chiare i cittadini della zona costretti a vivere in un contesto da \u201carea bombardata\u201d ed i messinesi che sono stanchi dell\u2019immobilismo.<br \/>\nUn iter che dura tre decenni non pu\u00f2 essere tollerato, cos\u00ec come disposizioni che non vengono rese ai diretti interessati, uffici che non comunicano tra di loro. Tutto ci\u00f2 \u00e8 impensabile. C\u2019\u00e8 una sola cosa che non possiamo tollerare oltre &#8211; conclude Siracusano &#8211; lasciare la situazione cos\u00ec com\u2019\u00e8. Quelle macerie rischiano di essere l\u2019immagine simbolo di una citt\u00e0 che non sa guardare avanti ma resta prigioniera dell\u2019incapacit\u00e0 di crescere e decidere&#8221;.<div id=\"div-gpt-ad-Messinaoggi.it-DSK-300x250-corpoart\" style=\"text-align:center;margin:0 auto;\"><\/div><\/p>\n<div id=\"videoincontent\" style=\"clear:both\";><\/div>","protected":false},"excerpt":{"rendered":"<p>&#8220;Nel caso delle demolizioni di Largo Avignone, il tempo e soprattutto la confusione, hanno aggravato la situazione&#8221;: lo sostiene Gabriele Siracusano che interviene sulla querelle che sta tenendo banco in questi giorni. &#8220;Dopo 30 anni abbiamo bisogno di chiarezza e di non far trascorrere altro tempo senza decidere. Non vi \u00e8 dubbio che ci sono [&hellip;]<\/p>\n","protected":false},"author":2,"featured_media":14152,"comment_status":"closed","ping_status":"open","sticky":false,"template":"","format":"standard","meta":{"ub_ctt_via":"","_mi_skip_tracking":false},"categories":[6],"tags":[],"featured_image_src":"https:\/\/www.messinaoggi.it\/website\/wp-content\/uploads\/2018\/01\/palazzo-demolito-con-ruspa-Quartiere-Avignone-messinaoggiMR-1.jpg","author_info":{"display_name":"Redazione","author_link":"https:\/\/www.messinaoggi.it\/website\/author\/redazione\/"},"digistream_id":0,"digistream":false,"_links":{"self":[{"href":"https:\/\/www.messinaoggi.it\/website\/wp-json\/wp\/v2\/posts\/14670"}],"collection":[{"href":"https:\/\/www.messinaoggi.it\/website\/wp-json\/wp\/v2\/posts"}],"about":[{"href":"https:\/\/www.messinaoggi.it\/website\/wp-json\/wp\/v2\/types\/post"}],"author":[{"embeddable":true,"href":"https:\/\/www.messinaoggi.it\/website\/wp-json\/wp\/v2\/users\/2"}],"replies":[{"embeddable":true,"href":"https:\/\/www.messinaoggi.it\/website\/wp-json\/wp\/v2\/comments?post=14670"}],"version-history":[{"count":0,"href":"https:\/\/www.messinaoggi.it\/website\/wp-json\/wp\/v2\/posts\/14670\/revisions"}],"wp:featuredmedia":[{"embeddable":true,"href":"https:\/\/www.messinaoggi.it\/website\/wp-json\/wp\/v2\/media\/14152"}],"wp:attachment":[{"href":"https:\/\/www.messinaoggi.it\/website\/wp-json\/wp\/v2\/media?parent=14670"}],"wp:term":[{"taxonomy":"category","embeddable":true,"href":"https:\/\/www.messinaoggi.it\/website\/wp-json\/wp\/v2\/categories?post=14670"},{"taxonomy":"post_tag","embeddable":true,"href":"https:\/\/www.messinaoggi.it\/website\/wp-json\/wp\/v2\/tags?post=14670"}],"curies":[{"name":"wp","href":"https:\/\/api.w.org\/{rel}","templated":true}]}}