{"id":146555,"date":"2023-03-15T18:37:46","date_gmt":"2023-03-15T17:37:46","guid":{"rendered":"http:\/\/www.messinaoggi.it\/website\/?p=146555"},"modified":"2023-03-16T16:10:31","modified_gmt":"2023-03-16T15:10:31","slug":"legge-giornata-memoria-terremoto-e-salva-esulta-de-luca","status":"publish","type":"post","link":"https:\/\/www.messinaoggi.it\/website\/2023\/03\/15\/legge-giornata-memoria-terremoto-e-salva-esulta-de-luca\/","title":{"rendered":"Legge Giornata memoria terremoto \u00e8 salva, esulta De Luca"},"content":{"rendered":"\n<p>\u00ab<em>La legge sull\u2019istituzione della Giornata della memoria per il terremoto di Messina \u00e8 salva. Il Consiglio dei Ministri ha rinunciato all\u2019impugnativa della legge<\/em>\u00bb. A darne notizia \u00e8 il deputato regionale del Movimento Cinque Stelle\u00a0<strong>Antonio De Luca<\/strong>, promotore della legge nella scorsa legislatura e firmatario del successivo emendamento grazie al quale sono state superate le censure di illegittimit\u00e0 precedentemente sollevate dal CdM, che ha quindi ritirato il ricorso.<div id=\"div-gpt-ad-Messinaoggi.it-DSK-300x250-corpoart\" style=\"text-align:center;margin:0 auto;\"><\/div><\/p>\n\n\n\n<p>Appresa la notizia dell\u2019impugnativa per una questione legata alla copertura finanziaria, il parlamentare regionale aveva infatti presentato un emendamento con il quale stanziava 200mila euro per la realizzazione e l\u2019allestimento di una mostra permanente al Museo regionale, di Messina dedicata agli eventi relativi al sisma del 1908 e ulteriori fondi pari a 50mila euro l\u2019anno per il mantenimento e la promozione della stessa.<div id=\"videoincontent\" style=\"clear:both\";><\/div><\/p>\n\n\n\n<p>\u00ab<em>Con questa decisione del Consiglio dei Ministri<\/em> \u2013 commenta il deputato Antonio De Luca &#8211; <em>si chiude definitivamente questa vicenda e Messina avr\u00e0 finalmente la sua Giornata della memoria per il terremoto del 1908. Sono davvero felice e orgoglioso per questa notizia che giunge da Roma. La memoria di quel tragico evento che ha cambiato la storia della nostra citt\u00e0 non deve andare perduta e grazie alla legge regionale ogni anno verranno organizzate numerose iniziative\u00bb.<\/em><\/p>\n\n\n\n<p>\u00ab<em>Grazie a questa legge, ogni 28 dicembre<\/em> &#8211; spiega in conclusione il deputato messinese &#8211; la <em>Regione Siciliana avr\u00e0 il compito di promuovere, anche mediante la concessione del proprio patrocinio, l\u2019organizzazione di cerimonie ed altre iniziative nonch\u00e9 di momenti di riflessione ed approfondimento sia nelle scuole di ogni ordine e grado sia nelle sedi istituzionali. Il Museo regionale di Messina si far\u00e0 promotore di iniziative finalizzate ad una maggiore valorizzazione del ricordo del terremoto del 1908, in raccordo con l\u2019Assessorato regionale dei beni culturali e dell\u2019identit\u00e0 siciliana. In occasione della Giornata della Memoria sar\u00e0 inoltre promossa anche la rievocazione della storia di grande solidariet\u00e0 culturale internazionale che ha contraddistinto il soccorso ai superstiti nei giorni immediatamente successivi all\u2019evento\u00bb.<\/em><\/p>\n","protected":false},"excerpt":{"rendered":"<p>\u00abLa legge sull\u2019istituzione della Giornata della memoria per il terremoto di Messina \u00e8 salva. Il Consiglio dei Ministri ha rinunciato all\u2019impugnativa della legge\u00bb. A darne notizia \u00e8 il deputato regionale del Movimento Cinque Stelle\u00a0Antonio De Luca, promotore della legge nella scorsa legislatura e firmatario del successivo emendamento grazie al quale sono state superate le censure [&hellip;]<\/p>\n","protected":false},"author":2,"featured_media":120698,"comment_status":"open","ping_status":"open","sticky":false,"template":"","format":"standard","meta":{"ub_ctt_via":"","_mi_skip_tracking":false},"categories":[5],"tags":[1113,4248,803],"featured_image_src":"https:\/\/www.messinaoggi.it\/website\/wp-content\/uploads\/2022\/09\/Antonio-De-Luca-regionali.jpg","author_info":{"display_name":"Redazione","author_link":"https:\/\/www.messinaoggi.it\/website\/author\/redazione\/"},"digistream_id":0,"digistream":false,"_links":{"self":[{"href":"https:\/\/www.messinaoggi.it\/website\/wp-json\/wp\/v2\/posts\/146555"}],"collection":[{"href":"https:\/\/www.messinaoggi.it\/website\/wp-json\/wp\/v2\/posts"}],"about":[{"href":"https:\/\/www.messinaoggi.it\/website\/wp-json\/wp\/v2\/types\/post"}],"author":[{"embeddable":true,"href":"https:\/\/www.messinaoggi.it\/website\/wp-json\/wp\/v2\/users\/2"}],"replies":[{"embeddable":true,"href":"https:\/\/www.messinaoggi.it\/website\/wp-json\/wp\/v2\/comments?post=146555"}],"version-history":[{"count":2,"href":"https:\/\/www.messinaoggi.it\/website\/wp-json\/wp\/v2\/posts\/146555\/revisions"}],"predecessor-version":[{"id":146713,"href":"https:\/\/www.messinaoggi.it\/website\/wp-json\/wp\/v2\/posts\/146555\/revisions\/146713"}],"wp:featuredmedia":[{"embeddable":true,"href":"https:\/\/www.messinaoggi.it\/website\/wp-json\/wp\/v2\/media\/120698"}],"wp:attachment":[{"href":"https:\/\/www.messinaoggi.it\/website\/wp-json\/wp\/v2\/media?parent=146555"}],"wp:term":[{"taxonomy":"category","embeddable":true,"href":"https:\/\/www.messinaoggi.it\/website\/wp-json\/wp\/v2\/categories?post=146555"},{"taxonomy":"post_tag","embeddable":true,"href":"https:\/\/www.messinaoggi.it\/website\/wp-json\/wp\/v2\/tags?post=146555"}],"curies":[{"name":"wp","href":"https:\/\/api.w.org\/{rel}","templated":true}]}}