{"id":146548,"date":"2023-03-15T18:17:59","date_gmt":"2023-03-15T17:17:59","guid":{"rendered":"https:\/\/www.messinaoggi.it\/website\/2023\/03\/15\/in-sicilia-contagi-covid-in-calo-e-ospedalizzazioni-stabili\/"},"modified":"2023-03-15T18:31:04","modified_gmt":"2023-03-15T17:31:04","slug":"in-sicilia-contagi-covid-in-calo-e-ospedalizzazioni-stabili","status":"publish","type":"post","link":"https:\/\/www.messinaoggi.it\/website\/2023\/03\/15\/in-sicilia-contagi-covid-in-calo-e-ospedalizzazioni-stabili\/","title":{"rendered":"In Sicilia contagi Covid in calo e ospedalizzazioni stabili"},"content":{"rendered":"<div>\n<p>PALERMO (ITALPRESS) \u2013 Infezioni da Covid-19 in netto calo in Sicilia, in linea con la tendenza nazionale. Nella settimana dal 6 al 12 marzo 2023 nell\u2019Isola sono stati rilevati, attraverso i test antigenici o molecolari, 1085 nuovi positivi, il 9,66% in meno rispetto ai sette giorni precedenti. L\u2019incidenza media \u00e8 di 23 casi per 100.000 abitanti. Tassi pi\u00f9 elevati si sono registrati solo nelle province di Agrigento (34\/100.000 abitanti), Trapani (34\/100.000) e Siracusa (30\/100.000). Le fasce d\u2019et\u00e0 maggiormente a rischio sono quelle degli over 90 (51\/100.000 abitanti), tra gli 80 e gli 89 anni (40\/100.000) e tra i 60 e i 69 anni (34\/100.000). I dati sono riportati nell\u2019ultimo bollettino settimanale a cura del Dasoe, il dipartimento per le Attivit\u00e0 sanitarie e osservatorio epidemiologico dell\u2019assessorato per la Salute della Regione Siciliana.<br \/>Le nuove ospedalizzazioni sono stabili, sebbene la diffusione dei contagi pregressi si rifletta ancora su una prevalenza di ricoverati con concomitante positivit\u00e0 da Covid. Pi\u00f9 di met\u00e0 dei pazienti in ospedale nella settimana di riferimento risultano non vaccinati. <br \/>Per quanto riguarda i vaccini, nel target 5-11 anni, i vaccinati con almeno una dose si attestano al 23,19% del target regionale; mentre 61.429 bambini, pari al 19,93%, hanno completato il ciclo primario di vaccinazione. Nel target over 12 anni, i soggetti che hanno ricevuto almeno una dose sono il 91%,  ha completato il ciclo primario l\u201989,63%, mentre il 9% del target \u00e8 ancora da vaccinare.<br \/>I cittadini che non hanno effettuato la terza dose, pur avendo maturato il diritto a riceverla, sono ancora 1.120.656. I vaccinati con dose aggiuntiva\/booster sono 2.774.050, pari al 71,23% degli aventi diritto, incluso il target 5-11 anni. Le somministrazioni di quarta dose sono 243.201, delle quali 213.817 a soggetti over 60. Le quinte dosi somministrate risultano complessivamente 10.036. <br \/>immagine ufficio stampa Dasoe<br \/>(ITALPRESS).<div id=\"div-gpt-ad-Messinaoggi.it-DSK-300x250-corpoart\" style=\"text-align:center;margin:0 auto;\"><\/div><\/p>\n<\/div>\n<div id=\"videoincontent\" style=\"clear:both\";><\/div>","protected":false},"excerpt":{"rendered":"<p>PALERMO (ITALPRESS) \u2013 Infezioni da Covid-19 in netto calo in Sicilia, in linea con la tendenza nazionale. Nella settimana dal 6 al 12 marzo 2023 nell\u2019Isola sono stati rilevati, attraverso i test antigenici o molecolari, 1085 nuovi positivi, il 9,66% in meno rispetto ai sette giorni precedenti. L\u2019incidenza media \u00e8 di 23 casi per 100.000 [&hellip;]<\/p>\n","protected":false},"author":18,"featured_media":146549,"comment_status":"closed","ping_status":"closed","sticky":false,"template":"","format":"standard","meta":{"ub_ctt_via":"","_mi_skip_tracking":false},"categories":[221,2449],"tags":[783],"featured_image_src":"https:\/\/www.messinaoggi.it\/website\/wp-content\/uploads\/2023\/03\/20230315_2033.jpg","author_info":{"display_name":"Admin","author_link":"https:\/\/www.messinaoggi.it\/website\/author\/admin\/"},"digistream_id":0,"digistream":false,"_links":{"self":[{"href":"https:\/\/www.messinaoggi.it\/website\/wp-json\/wp\/v2\/posts\/146548"}],"collection":[{"href":"https:\/\/www.messinaoggi.it\/website\/wp-json\/wp\/v2\/posts"}],"about":[{"href":"https:\/\/www.messinaoggi.it\/website\/wp-json\/wp\/v2\/types\/post"}],"author":[{"embeddable":true,"href":"https:\/\/www.messinaoggi.it\/website\/wp-json\/wp\/v2\/users\/18"}],"replies":[{"embeddable":true,"href":"https:\/\/www.messinaoggi.it\/website\/wp-json\/wp\/v2\/comments?post=146548"}],"version-history":[{"count":1,"href":"https:\/\/www.messinaoggi.it\/website\/wp-json\/wp\/v2\/posts\/146548\/revisions"}],"predecessor-version":[{"id":146550,"href":"https:\/\/www.messinaoggi.it\/website\/wp-json\/wp\/v2\/posts\/146548\/revisions\/146550"}],"wp:featuredmedia":[{"embeddable":true,"href":"https:\/\/www.messinaoggi.it\/website\/wp-json\/wp\/v2\/media\/146549"}],"wp:attachment":[{"href":"https:\/\/www.messinaoggi.it\/website\/wp-json\/wp\/v2\/media?parent=146548"}],"wp:term":[{"taxonomy":"category","embeddable":true,"href":"https:\/\/www.messinaoggi.it\/website\/wp-json\/wp\/v2\/categories?post=146548"},{"taxonomy":"post_tag","embeddable":true,"href":"https:\/\/www.messinaoggi.it\/website\/wp-json\/wp\/v2\/tags?post=146548"}],"curies":[{"name":"wp","href":"https:\/\/api.w.org\/{rel}","templated":true}]}}