{"id":14650,"date":"2018-01-23T09:45:22","date_gmt":"2018-01-23T08:45:22","guid":{"rendered":"http:\/\/www.messinaoggi.it\/website\/?p=14650"},"modified":"2018-01-23T09:45:22","modified_gmt":"2018-01-23T08:45:22","slug":"precari-asp-calapai-e-macri-uil-fpl-si-applichi-il-decreto-madia","status":"publish","type":"post","link":"https:\/\/www.messinaoggi.it\/website\/2018\/01\/23\/precari-asp-calapai-e-macri-uil-fpl-si-applichi-il-decreto-madia\/","title":{"rendered":"Precari Asp, Calapai e Macr\u00ec (Uil-Fpl): &quot;Si applichi il decreto-Madia&quot;"},"content":{"rendered":"<p class=\"p1\"><span class=\"s1\">Pippo Calapai e Mario Macr\u00ec, rispettivamente segretario generale e responsabile Area media della Uil-Fpl Messina hanno indirizzato una nota al commissario straordinario dell\u2019Asp di Messina con la quale chiedono l\u2019applicazione del cosiddetto decreto Madia per la stabilizzazione dei precari.<\/span><div id=\"div-gpt-ad-Messinaoggi.it-DSK-300x250-corpoart\" style=\"text-align:center;margin:0 auto;\"><\/div><\/p>\n<p class=\"p1\"><span class=\"s1\">\u201cLa scrivente organizzazione sindacale, facendo seguito alla nota del 10\/11\/2017, &#8211; si legge nella nota &#8211; ribadisce l\u2019assoluta necessit\u00e0 che per la stabilizzazione dei precari dell\u2019Azienda venga applicato il decreto legislativo 22\/05\/2017, n. 75 che supera, a nostro giudizio, il DPCM del 6 marzo 2015, allarga notevolmente la platea dei dipendenti in possesso dei requisiti e privilegia l\u2019inquadramento in ruolo dei precari in servizio nella stessa Azienda.<\/span><div id=\"videoincontent\" style=\"clear:both\";><\/div><\/p>\n<p class=\"p1\"><span class=\"s1\">Si ricorda che l\u2019art. 20 del d. lgvo 75\/2017 sposta al 31 dicembre 2017 la maturazione dei requisiti per l\u2019accesso, mentre il DPCM stabilisce la data del 30 ottobre 2013, per cui nel caso di applicazione di quest\u2019ultima norma verrebbero esclusi dalle selezioni coloro che hanno maturato i requisiti successivamente, penalizzando nell\u2019ASP di Messina la quasi totalit\u00e0 dei precari che non avrebbero alcuna garanzia sul proprio futuro e disattendendo la volont\u00e0 della norma di valorizzare la professionalit\u00e0 acquisita all\u2019interno dell\u2019azienda; inoltre, la trasformazione diretta del rapporto di lavoro da tempo determinato ad indeterminato offre maggiore garanzia di trasparenza ed oggettivit\u00e0.<\/span><\/p>\n<p class=\"p1\"><span class=\"s1\">Le aziende sanitarie messinesi, come l\u2019IRCCS Neurolesi e l\u2019Azienda O. Papardo, ma anche le restanti della regione, stanno procedendo all\u2019applicazione del c.d. decreto Madia, per cui non si comprende il motivo per cui l\u2019ASP di Messina si ostini a fare riferimento ad una disposizione antecedente, con una procedura concorsuale lunga e che, alla fine, punisce ingiustificatamente una larga fascia di precari, da anni utilizzati con profitto all\u2019interno dell\u2019azienda, e che, si ribadisce, saranno esclusi dalla stabilizzazione per carenza dei requisiti; d\u2019altra parte, l\u2019immediata trasformazione a tempo indeterminato dei rapporti di lavoro in essere, in applicazione del d. lgvo 75\/2017, eviterebbe un inutile spreco di\u00a0 risorse economiche, assicurando, tempestivamente, una migliore organizzazione del lavoro oltre a dare certezze ai lavoratori interessati.<\/span><\/p>\n<p class=\"p1\"><span class=\"s1\">Pertanto, si chiede la revoca delle procedure concorsuali indette ai sensi del DPCM 6\/3\/2015 e l\u2019immediata ricognizione, stante che sono scaduti i termini, dei dipendenti in possesso dei requisiti previsti\u00a0 dal d. lgvo 75\/2017 e la conseguente adozione dei provvedimenti di stabilizzazione per il personale dell\u2019area del Comparto e della Dirigenza SPTA e Medica, in armonia con quanto disposto dall\u2019art. 1 comma 813 della Legge di bilancio 2018, che ha modificato il comma 11 dell\u2019art. 20 del n. 75\/2017 ampliando il novero dei soggetti beneficiari delle procedure di cui agli artt. 1 e 2 del decreto Madia&#8221;.<\/span><\/p>\n","protected":false},"excerpt":{"rendered":"<p>Pippo Calapai e Mario Macr\u00ec, rispettivamente segretario generale e responsabile Area media della Uil-Fpl Messina hanno indirizzato una nota al commissario straordinario dell\u2019Asp di Messina con la quale chiedono l\u2019applicazione del cosiddetto decreto Madia per la stabilizzazione dei precari. \u201cLa scrivente organizzazione sindacale, facendo seguito alla nota del 10\/11\/2017, &#8211; si legge nella nota &#8211; [&hellip;]<\/p>\n","protected":false},"author":2,"featured_media":1755,"comment_status":"closed","ping_status":"open","sticky":false,"template":"","format":"standard","meta":{"ub_ctt_via":"","_mi_skip_tracking":false},"categories":[6],"tags":[],"featured_image_src":"https:\/\/www.messinaoggi.it\/website\/wp-content\/uploads\/2017\/06\/Calapai-Pippo-Uil-Fpl-3-2.jpg","author_info":{"display_name":"Redazione","author_link":"https:\/\/www.messinaoggi.it\/website\/author\/redazione\/"},"digistream_id":0,"digistream":false,"_links":{"self":[{"href":"https:\/\/www.messinaoggi.it\/website\/wp-json\/wp\/v2\/posts\/14650"}],"collection":[{"href":"https:\/\/www.messinaoggi.it\/website\/wp-json\/wp\/v2\/posts"}],"about":[{"href":"https:\/\/www.messinaoggi.it\/website\/wp-json\/wp\/v2\/types\/post"}],"author":[{"embeddable":true,"href":"https:\/\/www.messinaoggi.it\/website\/wp-json\/wp\/v2\/users\/2"}],"replies":[{"embeddable":true,"href":"https:\/\/www.messinaoggi.it\/website\/wp-json\/wp\/v2\/comments?post=14650"}],"version-history":[{"count":0,"href":"https:\/\/www.messinaoggi.it\/website\/wp-json\/wp\/v2\/posts\/14650\/revisions"}],"wp:featuredmedia":[{"embeddable":true,"href":"https:\/\/www.messinaoggi.it\/website\/wp-json\/wp\/v2\/media\/1755"}],"wp:attachment":[{"href":"https:\/\/www.messinaoggi.it\/website\/wp-json\/wp\/v2\/media?parent=14650"}],"wp:term":[{"taxonomy":"category","embeddable":true,"href":"https:\/\/www.messinaoggi.it\/website\/wp-json\/wp\/v2\/categories?post=14650"},{"taxonomy":"post_tag","embeddable":true,"href":"https:\/\/www.messinaoggi.it\/website\/wp-json\/wp\/v2\/tags?post=14650"}],"curies":[{"name":"wp","href":"https:\/\/api.w.org\/{rel}","templated":true}]}}