{"id":146436,"date":"2023-03-15T12:58:19","date_gmt":"2023-03-15T11:58:19","guid":{"rendered":"http:\/\/www.messinaoggi.it\/website\/?p=146436"},"modified":"2023-03-15T12:58:27","modified_gmt":"2023-03-15T11:58:27","slug":"ugl-salute-allars-potenziare-il-servizio-118-in-sicilia","status":"publish","type":"post","link":"https:\/\/www.messinaoggi.it\/website\/2023\/03\/15\/ugl-salute-allars-potenziare-il-servizio-118-in-sicilia\/","title":{"rendered":"Ugl Salute all&#8217;Ars: &#8220;Potenziare il servizio 118 in Sicilia&#8221;"},"content":{"rendered":"\n<p>Il Coordinamento emergenza e urgenza della federazione Ugl Salute ha incontrato a Palermo i presidenti delle commissioni Salute, servizi sociali e sanitari e cultura, formazione e lavoro, rispettivamente Giuseppe Laccoto e Fabrizio Ferrara, per l&#8217;avvio di un confronto su questioni legate alla Seus 118. La delegazione sindacale composta da Giuseppe Catalano, Giovanni Ferrario e Nino Falletta, ha rappresentato a Laccoto la necessit\u00e0 prima di tutto di trovare una soluzione in relazione all&#8217;annosa questione dei lavoratori non idonei che, in Seus, sono gi\u00e0 numerosi e questa quantit\u00e0 \u00e8 destinata purtroppo ad aumentare considerato il grado di usura che questo genere di lavoro provoca. Il sindacato ha evidenziato l&#8217;impellenza di un cambio del contratto collettivo attualmente applicato, che \u00e8 quello Aiop, con la previsione dell&#8217;utilizzo per i 3000 dipendenti della contrattazione regionale ad oggi gi\u00e0 prevista per il personale di altre societ\u00e0 partecipate regionali. Inoltre i sindacalisti hanno posto al presidente della VI Commissione la problematica legata ai concorsi, sia per i pesanti vuoti che si manifestano in organico giorno dopo giorno, ma anche per un ricambio generazionale non pi\u00f9 procrastinabile. Infine si \u00e8 parlato anche degli impegni economici che la Regione siciliana dovr\u00e0 affrontare per onorare il pagamento delle spettanze contrattuali connesse alla contrattazione decentrata. Temi che sono stati condivisi oltretutto con il presidente della V Commissione Ferrara a cui \u00e8 stata presentata, da Catalano, Ferraro e Falletta, la bozza proposta di legge redatta dalla Ugl Salute per il riconoscimento sul territorio nazionale della figura dell&#8217;operatore esperto dell&#8217;emergenza, anche per considerare questa mansione lavorativa nella categoria dei lavori usuranti e consentire agli operatori di ottenere la giusta dignit\u00e0 che meritano. &#8220;Vogliamo ringraziare i due vertici delle Commissioni Ars per aver ascoltato le nostre istanze che, adesso, diventeranno vere e proprie richieste di audizione &#8211; dicono i tre rappresentanti della Ugl Salute. Insieme a loro ed al Consiglio di amministrazione di Seus 118, che sta ben lavorando dal suo insediamento, possiamo davvero avviare un percorso importante per il potenziamento del servizio di emergenza e urgenza in tutta la Sicilia.&#8221;<div id=\"div-gpt-ad-Messinaoggi.it-DSK-300x250-corpoart\" style=\"text-align:center;margin:0 auto;\"><\/div><\/p>\n<div id=\"videoincontent\" style=\"clear:both\";><\/div>","protected":false},"excerpt":{"rendered":"<p>Il Coordinamento emergenza e urgenza della federazione Ugl Salute ha incontrato a Palermo i presidenti delle commissioni Salute, servizi sociali e sanitari e cultura, formazione e lavoro, rispettivamente Giuseppe Laccoto e Fabrizio Ferrara, per l&#8217;avvio di un confronto su questioni legate alla Seus 118. La delegazione sindacale composta da Giuseppe Catalano, Giovanni Ferrario e Nino [&hellip;]<\/p>\n","protected":false},"author":4,"featured_media":2143,"comment_status":"open","ping_status":"open","sticky":false,"template":"","format":"standard","meta":{"ub_ctt_via":"","_mi_skip_tracking":false},"categories":[6],"tags":[601,3586,7050],"featured_image_src":"https:\/\/www.messinaoggi.it\/website\/wp-content\/uploads\/2017\/06\/118-ambulanza-2.jpg","author_info":{"display_name":"redme","author_link":"https:\/\/www.messinaoggi.it\/website\/author\/redme\/"},"digistream_id":0,"digistream":false,"_links":{"self":[{"href":"https:\/\/www.messinaoggi.it\/website\/wp-json\/wp\/v2\/posts\/146436"}],"collection":[{"href":"https:\/\/www.messinaoggi.it\/website\/wp-json\/wp\/v2\/posts"}],"about":[{"href":"https:\/\/www.messinaoggi.it\/website\/wp-json\/wp\/v2\/types\/post"}],"author":[{"embeddable":true,"href":"https:\/\/www.messinaoggi.it\/website\/wp-json\/wp\/v2\/users\/4"}],"replies":[{"embeddable":true,"href":"https:\/\/www.messinaoggi.it\/website\/wp-json\/wp\/v2\/comments?post=146436"}],"version-history":[{"count":1,"href":"https:\/\/www.messinaoggi.it\/website\/wp-json\/wp\/v2\/posts\/146436\/revisions"}],"predecessor-version":[{"id":146437,"href":"https:\/\/www.messinaoggi.it\/website\/wp-json\/wp\/v2\/posts\/146436\/revisions\/146437"}],"wp:featuredmedia":[{"embeddable":true,"href":"https:\/\/www.messinaoggi.it\/website\/wp-json\/wp\/v2\/media\/2143"}],"wp:attachment":[{"href":"https:\/\/www.messinaoggi.it\/website\/wp-json\/wp\/v2\/media?parent=146436"}],"wp:term":[{"taxonomy":"category","embeddable":true,"href":"https:\/\/www.messinaoggi.it\/website\/wp-json\/wp\/v2\/categories?post=146436"},{"taxonomy":"post_tag","embeddable":true,"href":"https:\/\/www.messinaoggi.it\/website\/wp-json\/wp\/v2\/tags?post=146436"}],"curies":[{"name":"wp","href":"https:\/\/api.w.org\/{rel}","templated":true}]}}