{"id":146363,"date":"2023-03-15T00:07:52","date_gmt":"2023-03-14T23:07:52","guid":{"rendered":"https:\/\/www.messinaoggi.it\/website\/2023\/03\/15\/porto-inter-0-0-nerazzurri-ai-quarti-di-champions\/"},"modified":"2023-03-15T08:50:30","modified_gmt":"2023-03-15T07:50:30","slug":"porto-inter-0-0-nerazzurri-ai-quarti-di-champions","status":"publish","type":"post","link":"https:\/\/www.messinaoggi.it\/website\/2023\/03\/15\/porto-inter-0-0-nerazzurri-ai-quarti-di-champions\/","title":{"rendered":"Porto-Inter 0-0, nerazzurri ai quarti di Champions"},"content":{"rendered":"<div>OPORTO (PORTOGALLO) (ITALPRESS) &#8211; Al termine di una partita con emozioni forti solo nel recupero, l&#8217;Inter centra lo 0-0 in casa del Porto che vale la qualificazione ai quarti di finale di Champions League. Una sfida nella quale \u00e8 la difesa a farla da padrone, con Darmian e Acerbi migliori in campo tra le fila dei nerazzurri. La prima chance \u00e8 per i lusitani e arriva dopo poco pi\u00f9 di due minuti, quando Uribe ci prova con un gran destro dalla lunga distanza che Onana sfiora e devia in corner. Dopo una fase di equilibrio, gli ospiti creano una buona occasione al 21&#8242;. Barella avanza palla al piede con la difesa avversaria scoperta e allarga sulla sinistra per Dzeko che va al tiro con il sinistro, ma Diogo Costa salva in tuffo. Al 40&#8242; ci vuole una scivolata decisiva di Dimarco per stoppare una conclusione ravvicinata di Evanilson. Si chiude senza reti un primo tempo caratterizzato dalle poche emozioni. Il secondo tempo \u00e8 soporifero per quasi mezz&#8217;ora. Al 28&#8242;, Inzaghi \u00e8 costretto a togliere Bastoni per un possibile infortunio muscolare. Tre minuti dopo, Onana blocca a terra un insidioso tiro dal limite di Grujic diretto all&#8217;angolino. Subito dopo \u00e8 Calhanoglu a provarci con un mancino da posizione defilata ma la sfera termina abbondantemente alta. Al 38&#8242; \u00e8 il neo entrato Lukaku a partire in contropiede e a mettere un tiro cross dalla destra sul quale si avventa Martinez, il quale viene per\u00f2 anticipato in scivolata da Pep\u00e8. In pieno  recupero, dopo una gara piuttosto noiosa, ci vuole un miracolo di Onana per neutralizzare un&#8217;incornata ravvicinata di Taremi deviandola sul palo. Pochi istanti dopo, anche se su un fuorigioco di partenza, Grujic centra la traversa di testa. Appena prima del triplice fischio dell&#8217;arbitro, c&#8217;\u00e8 ancora tempo per l&#8217;espulsione di Pep\u00e8 per doppia ammonizione. L&#8217;Inter regge l&#8217;urto e porta cos\u00ec a casa lo 0-0 che le consente di passare il turno. In attesa del Napoli, che scender\u00e0 in campo domani, l&#8217;Italia piazza cos\u00ec la sua seconda squadra ai quarti di finale con le due milanesi che aspettano il sorteggio di venerd\u00ec.<br \/>&#8211; Foto Image &#8211;<br \/>(ITALPRESS).<\/div>\n<div id=\"div-gpt-ad-Messinaoggi.it-DSK-300x250-corpoart\" style=\"text-align:center;margin:0 auto;\"><\/div><\/p><div id=\"videoincontent\" style=\"clear:both\";><\/div>","protected":false},"excerpt":{"rendered":"<p>OPORTO (PORTOGALLO) (ITALPRESS) &#8211; Al termine di una partita con emozioni forti solo nel recupero, l&#8217;Inter centra lo 0-0 in casa del Porto che vale la qualificazione ai quarti di finale di Champions League. Una sfida nella quale \u00e8 la difesa a farla da padrone, con Darmian e Acerbi migliori in campo tra le fila [&hellip;]<\/p>\n","protected":false},"author":18,"featured_media":146364,"comment_status":"closed","ping_status":"closed","sticky":false,"template":"","format":"standard","meta":{"ub_ctt_via":"","_mi_skip_tracking":false},"categories":[10,446,9],"tags":[783],"featured_image_src":"https:\/\/www.messinaoggi.it\/website\/wp-content\/uploads\/2023\/03\/20230314_2232.jpg","author_info":{"display_name":"Admin","author_link":"https:\/\/www.messinaoggi.it\/website\/author\/admin\/"},"digistream_id":0,"digistream":false,"_links":{"self":[{"href":"https:\/\/www.messinaoggi.it\/website\/wp-json\/wp\/v2\/posts\/146363"}],"collection":[{"href":"https:\/\/www.messinaoggi.it\/website\/wp-json\/wp\/v2\/posts"}],"about":[{"href":"https:\/\/www.messinaoggi.it\/website\/wp-json\/wp\/v2\/types\/post"}],"author":[{"embeddable":true,"href":"https:\/\/www.messinaoggi.it\/website\/wp-json\/wp\/v2\/users\/18"}],"replies":[{"embeddable":true,"href":"https:\/\/www.messinaoggi.it\/website\/wp-json\/wp\/v2\/comments?post=146363"}],"version-history":[{"count":1,"href":"https:\/\/www.messinaoggi.it\/website\/wp-json\/wp\/v2\/posts\/146363\/revisions"}],"predecessor-version":[{"id":146388,"href":"https:\/\/www.messinaoggi.it\/website\/wp-json\/wp\/v2\/posts\/146363\/revisions\/146388"}],"wp:featuredmedia":[{"embeddable":true,"href":"https:\/\/www.messinaoggi.it\/website\/wp-json\/wp\/v2\/media\/146364"}],"wp:attachment":[{"href":"https:\/\/www.messinaoggi.it\/website\/wp-json\/wp\/v2\/media?parent=146363"}],"wp:term":[{"taxonomy":"category","embeddable":true,"href":"https:\/\/www.messinaoggi.it\/website\/wp-json\/wp\/v2\/categories?post=146363"},{"taxonomy":"post_tag","embeddable":true,"href":"https:\/\/www.messinaoggi.it\/website\/wp-json\/wp\/v2\/tags?post=146363"}],"curies":[{"name":"wp","href":"https:\/\/api.w.org\/{rel}","templated":true}]}}