{"id":146302,"date":"2023-03-14T19:21:30","date_gmt":"2023-03-14T18:21:30","guid":{"rendered":"http:\/\/www.messinaoggi.it\/website\/?p=146302"},"modified":"2023-03-14T19:21:31","modified_gmt":"2023-03-14T18:21:31","slug":"il-ritorno-a-messina-di-zeman-una-gara-amarcord","status":"publish","type":"post","link":"https:\/\/www.messinaoggi.it\/website\/2023\/03\/14\/il-ritorno-a-messina-di-zeman-una-gara-amarcord\/","title":{"rendered":"Il ritorno a Messina di Zeman, una gara amarcord"},"content":{"rendered":"\n<p>Il ritorno a Messina, da avversario, di <strong>Zdenek Zeman. <\/strong>il boemo che ha lasciato un ottimo ricordo a Messina, torna con il suo Pescara, appena rilevato dopo l\u2019esonero di Alberto Colombo. Domani (ore 14.30) sar\u00e0 di scena allo stadio &#8220;Franco Scoglio&#8221; una gara dal sapore <em>\u201cAmarcord\u201d. <\/em>Una gara che crea attesa, sia per il passato di Zeman sullo Stretto, sia perch\u00e9 quest&#8217;estate sembrava vicino al ritorno nella panchina biancoscudata. Gli fu poi preferito Auteri.<div id=\"div-gpt-ad-Messinaoggi.it-DSK-300x250-corpoart\" style=\"text-align:center;margin:0 auto;\"><\/div><\/p>\n\n\n\n<p>Zeman ha gi\u00e0 allenato il Messina <strong>nella stagione 1988-1989 in Serie B,<\/strong> dove prese le redini della squadra lasciata dall\u2019indimenticato <strong>Franco Scoglio.<\/strong>  Il Professore aveva scelto di allenare il Genoa, che vincer\u00e0 il campionato e verr\u00e0 promosso in A. Cos\u00ec il Messina punta sul tecnico boemo, un personaggio del calcio, dal carattere schietto e sincero e dalle idee visionarie. Profeta del &#8220;gioco a zona&#8221;, predilige e sviluppa un gioco del calcio bello e spregiudicato. Sar\u00e0 per i giallorossi un ottimo campionato, pieno di soddisfazioni, con la squadra peloritana che con 46 reti segnate vanta il miglior attacco, ma anche purtroppo 42 reti subite, la peggior difesa del torneo. Un campionato comunque abbastanza tranquillo, con 19 punti raccolti nel girone di andata su 19 incontri giocati, e altrettanti nel girone di ritorno, con una salvezza tranquilla e l\u2019ottava posizione conquistata.<div id=\"videoincontent\" style=\"clear:both\";><\/div><\/p>\n\n\n\n<figure class=\"wp-block-image size-large\"><img loading=\"lazy\" width=\"1024\" height=\"551\" src=\"http:\/\/www.messinaoggi.it\/website\/wp-content\/uploads\/2023\/03\/Messina-1989-1024x551.jpg\" alt=\"Il ritorno a Messina di Zeman\" class=\"wp-image-146335\" srcset=\"https:\/\/www.messinaoggi.it\/website\/wp-content\/uploads\/2023\/03\/Messina-1989-1024x551.jpg 1024w, https:\/\/www.messinaoggi.it\/website\/wp-content\/uploads\/2023\/03\/Messina-1989-300x161.jpg 300w, https:\/\/www.messinaoggi.it\/website\/wp-content\/uploads\/2023\/03\/Messina-1989-768x413.jpg 768w, https:\/\/www.messinaoggi.it\/website\/wp-content\/uploads\/2023\/03\/Messina-1989-650x350.jpg 650w, https:\/\/www.messinaoggi.it\/website\/wp-content\/uploads\/2023\/03\/Messina-1989.jpg 1100w\" sizes=\"(max-width: 1024px) 100vw, 1024px\" \/><\/figure>\n\n\n\n<p>Un ottimo anno, confermato dalla soddisfazione di aver avuto in squadra un grande giocatore, che come tutti sappiamo divenne in seguito una delle stelle della nazionale, <strong>Tot\u00f2 Schillaci. <\/strong>Il palermitano, ormai pronto per altri palcoscenici, qualche settimana dopo la fine del campionato viene venduto alla Juventus. E\u2019 lui il vincitore della classifica marcatori della categoria cadetta con 23 reti realizzate.<\/p>\n\n\n\n<p>D\u2019altronde Zeman \u00e8 sempre stato un allenatore capace di valorizzare i giovani talenti. Proprio a Pescara esalt\u00f2 e prepar\u00f2 a grandi palcoscenici giocatori del calibro di <strong>Ciro<\/strong> <strong>Immobile, Lorenzo Insigne e Marco Verratti,<\/strong> successivamente laureatisi campioni d\u2019Europa 2020 con Mancini, vincendo la finale di Wembley contro l\u2019Inghilterra. E\u2019 stato per lui un ritorno anche quello a Pescara infatti. Zeman \u00e8 tornato per la terza volta nella citt\u00e0 abbruzzese.<\/p>\n\n\n\n<p>Questa terza esperienza in Abruzzo \u00e8 partita nel migliore dei modi. Il tecnico vuole provare a bissare la vittoria al \u201cGuariglia\u201d di Agropoli contro la Gelbison. Si aspetta progressi dalla squadra oltre che un risultato positivo per mantenere il terzo posto. Biancazzurri attesi da un vero e proprio tour de force, considerando che dopo la gara in terra campana di domenica scorsa, ci sono stati appena due allenamenti prima della partenza nel primo pomeriggio di oggi alla volta di Messina via Roma con partenza da Fiumicino.<\/p>\n\n\n\n<p>&#8220;Sono passati tanti anni dalla mia avventura di Messina. \u2013 ha detto ricordando anche lui l\u2019anno trascorso qui \u2013 Incontreremo una buona squadra. Temo un po&#8217; &#8211; ha detto Zeman &#8211; le condizioni\u00a0del terreno di gioco\u201d.<\/p>\n\n\n\n<h2><strong>Il ritorno a Messina di Zeman. Raciti prepara un Messina senza paura.<\/strong><\/h2>\n\n\n\n<figure class=\"wp-block-image size-large\"><img loading=\"lazy\" width=\"1024\" height=\"578\" src=\"http:\/\/www.messinaoggi.it\/website\/wp-content\/uploads\/2023\/03\/Raciti-Pescara-Zeman-1024x578.png\" alt=\"Il ritorno a Messina di Zeman\" class=\"wp-image-146334\" srcset=\"https:\/\/www.messinaoggi.it\/website\/wp-content\/uploads\/2023\/03\/Raciti-Pescara-Zeman-1024x578.png 1024w, https:\/\/www.messinaoggi.it\/website\/wp-content\/uploads\/2023\/03\/Raciti-Pescara-Zeman-300x169.png 300w, https:\/\/www.messinaoggi.it\/website\/wp-content\/uploads\/2023\/03\/Raciti-Pescara-Zeman-768x434.png 768w, https:\/\/www.messinaoggi.it\/website\/wp-content\/uploads\/2023\/03\/Raciti-Pescara-Zeman.png 1328w\" sizes=\"(max-width: 1024px) 100vw, 1024px\" \/><figcaption>Mister Ezio Raciti nella conferenza pre-partita<\/figcaption><\/figure>\n\n\n\n<p>Sar\u00e0 una gara difficile anche per il Messina, che viene da una sconfitta ed <a href=\"https:\/\/www.messinaoggi.it\/website\/2023\/03\/12\/monterosi-messina-diretta-ce-kragl\/?fbclid=IwAR0V4CKXXxFegzWtGnThvyKaxxvDXAzyAop40vZH6ZJ4zO7i2IAUyvLGOPU\" data-type=\"URL\" data-id=\"https:\/\/www.messinaoggi.it\/website\/2023\/03\/12\/monterosi-messina-diretta-ce-kragl\/?fbclid=IwAR0V4CKXXxFegzWtGnThvyKaxxvDXAzyAop40vZH6ZJ4zO7i2IAUyvLGOPU\">un pareggio.<\/a> A maggiori ragione contro un avversario in buone condizioni, con un esperto allenatore, che non si accontenta dei playoff. Lo ha fatto notare anche <a href=\"https:\/\/www.facebook.com\/MessinaOfficialPage\/videos\/1174362876576216\" data-type=\"URL\" data-id=\"https:\/\/www.facebook.com\/MessinaOfficialPage\/videos\/1174362876576216\">Mister <strong>Ezio Raciti,<\/strong><\/a> che per\u00f2 ha anche detto \u201cnon possiamo permetterci di avere paura, dobbiamo giocarla in modo aperto perch\u00e9 dobbiamo cercare di fare risultato pieno, \u00e8 da tanto che in casa non lo facciamo e ci serve per la salvezza. Pensiamo una partita alla volta, affrontiamo questa, recuperiamo le forze dopo Moterosi\u201d.<\/p>\n\n\n\n<p>\u201cIl Pescara \u2013 ha approfondito Raciti &#8211; ha attrezzato una squadra per poter lottare alla pari con Catanzaro e Crotone, \u00e8 un po\u2019 attardata ma il valore dei giocatori \u00e8 assoluto. Servir\u00e0 un Messina deciso, che ha voglia di fare risultato, determinato, che sappia fare le due fasi bene. Con cattiveria e grinta quella di non possesso, e pi\u00f9 lucidit\u00e0 quella di possesso. Il Pescara \u00e8 una quadra di gamba come tutte le squadre di Zeman e sicuramente avremo bisogno di forze nuove. La quantit\u00e0 dei nostri sostenitori non \u00e8 molta ma la qualit\u00e0 \u00e8 alta, si fanno sentire\u201d.<\/p>\n\n\n\n<p><strong>Michele Bruno.<\/strong><\/p>\n","protected":false},"excerpt":{"rendered":"<p>Il ritorno a Messina, da avversario, di Zdenek Zeman. il boemo che ha lasciato un ottimo ricordo a Messina, torna con il suo Pescara, appena rilevato dopo l\u2019esonero di Alberto Colombo. Domani (ore 14.30) sar\u00e0 di scena allo stadio &#8220;Franco Scoglio&#8221; una gara dal sapore \u201cAmarcord\u201d. Una gara che crea attesa, sia per il passato [&hellip;]<\/p>\n","protected":false},"author":123457,"featured_media":146333,"comment_status":"open","ping_status":"open","sticky":false,"template":"","format":"standard","meta":{"ub_ctt_via":"","_mi_skip_tracking":false},"categories":[8,10,9],"tags":[24,6810,6807,6856,6806,7043,7044],"featured_image_src":"https:\/\/www.messinaoggi.it\/website\/wp-content\/uploads\/2023\/03\/Zeman-Pescara.jpg","author_info":{"display_name":"Michele Bruno","author_link":"https:\/\/www.messinaoggi.it\/website\/author\/michele-bruno\/"},"digistream_id":0,"digistream":false,"_links":{"self":[{"href":"https:\/\/www.messinaoggi.it\/website\/wp-json\/wp\/v2\/posts\/146302"}],"collection":[{"href":"https:\/\/www.messinaoggi.it\/website\/wp-json\/wp\/v2\/posts"}],"about":[{"href":"https:\/\/www.messinaoggi.it\/website\/wp-json\/wp\/v2\/types\/post"}],"author":[{"embeddable":true,"href":"https:\/\/www.messinaoggi.it\/website\/wp-json\/wp\/v2\/users\/123457"}],"replies":[{"embeddable":true,"href":"https:\/\/www.messinaoggi.it\/website\/wp-json\/wp\/v2\/comments?post=146302"}],"version-history":[{"count":1,"href":"https:\/\/www.messinaoggi.it\/website\/wp-json\/wp\/v2\/posts\/146302\/revisions"}],"predecessor-version":[{"id":146336,"href":"https:\/\/www.messinaoggi.it\/website\/wp-json\/wp\/v2\/posts\/146302\/revisions\/146336"}],"wp:featuredmedia":[{"embeddable":true,"href":"https:\/\/www.messinaoggi.it\/website\/wp-json\/wp\/v2\/media\/146333"}],"wp:attachment":[{"href":"https:\/\/www.messinaoggi.it\/website\/wp-json\/wp\/v2\/media?parent=146302"}],"wp:term":[{"taxonomy":"category","embeddable":true,"href":"https:\/\/www.messinaoggi.it\/website\/wp-json\/wp\/v2\/categories?post=146302"},{"taxonomy":"post_tag","embeddable":true,"href":"https:\/\/www.messinaoggi.it\/website\/wp-json\/wp\/v2\/tags?post=146302"}],"curies":[{"name":"wp","href":"https:\/\/api.w.org\/{rel}","templated":true}]}}