{"id":14629,"date":"2018-01-22T14:37:47","date_gmt":"2018-01-22T13:37:47","guid":{"rendered":"http:\/\/www.messinaoggi.it\/website\/?p=14629"},"modified":"2018-01-22T14:37:47","modified_gmt":"2018-01-22T13:37:47","slug":"isola-via-dei-mille-accorinti-e-cacciola-assenti-tutto-rinviato-a-mercoledi","status":"publish","type":"post","link":"https:\/\/www.messinaoggi.it\/website\/2018\/01\/22\/isola-via-dei-mille-accorinti-e-cacciola-assenti-tutto-rinviato-a-mercoledi\/","title":{"rendered":"Isola via dei Mille, Accorinti e Cacciola assenti. Tutto rinviato a mercoled\u00ec"},"content":{"rendered":"<p>Inizia la diretta Live della seduta di Consiglio Comunale per l&#8217;isola pedonale di via dei Mille.<br \/>\nOre 14,28<br \/>\nLa presidente Emilia Barrile ha dichiarato aperta la seduta. 23\u00a0 presenti, non ci saranno il sindaco Accorinti e l&#8217;assessore Cacciola. La stessa Barrile poi ospende la seduta per dieci minuti convocando una riunione dei capigruppo.<br \/>\nOre 15,08<br \/>\nRiprende la seduta, parla l\u2019assessore Sergio De Cola: \u201cOggi parliamo di una dleibera vecchia di un anno che tratta della modifica del Put e la successiva pedonalizzazione di via dei Mille. Quest\u2019ultimo atto rappresenta un motivo di crescita, la citt\u00e0 sta scalando posizioni nelle classifiche, siamo distanti da realt\u00e0 come Lucca dove c\u2019\u00e8 un metro quadro di pedonalizzazione per ogni cittadino\u201d.<br \/>\nOre 15,14<br \/>\nLa presidente Barrile spiega che a causa dell\u2019assenza del dirigente Mario Pizzino e dell\u2019assessore Cacciola, il consiglio dovr\u00e0 essere rinviato, ma i consiglieri potranno fare delle domande. Mancano i pareri i sette emendamenti presentati dai consiglieri. Parla il capogruppo di Forza Italia, Giuseppe Trischitta: \u201cio lo sapevo, per l\u2019assessore e il sindaco l\u2019isola pedonale \u00e8 indispensabile ma non si presentano in Consiglio. Il Tar ha condannato l\u2019amministrazione per quest\u2019isola, \u00e8 un abuso d\u2019ufficio. La delibera \u00e8 illegittima cos\u00ec \u00e8 illegittima la proroga. La Fenech \u00e8 bravissima a parlare dei gettoni di presenza, ma \u00e8 a favore di questo abuso. Questo \u00e8 un abuso, mi ritrovo a discutere lo stesso atto bocciato due anni fa. I consociati di Millevetrine sapevano con un giorno d\u2019anticipo ella proroga, noi veniamo insultati se diciamo di essere contrari a quest\u2019isola, io questa delibera non ve la far\u00f2 passare mai. Purtroppo adesso tutto \u00e8 permesso\u201d.<br \/>\nOre 15,24<br \/>\nParla il consigliere comunale del Partito Democratico, Giuseppe Siracusano: \u201cDurante queste vacanze natalizie in via dei Mille si \u00e8 innescato un sistema virtuoso grazie all\u2019isola, grazie ai commercianti che hanno aderito all\u2019iniziativa. Qui si tratta di discutere dell\u2019idea di sviluppo per la citt\u00e0. Questa delibera dev\u2019essere un punto di partenza, tutto ci\u00f2 non \u00e8 riconducibile ad una o due forze politiche. Dopo la bocciatura del 4 gennaio non si \u00e8 parlato altro, non ci sono interessi personali come qualcuno vuol far credere. Dall\u2019amministrazione veniamo trattati come notai, certifichiamo scelte prese da altri assumendocene la personalit\u00e0. La modifica del Put \u00e8 una prerogativa di questo consiglio, un\u2019occasione che non possiamo non cogliere. Io vorrei che questo Consiglio dimostri alla citt\u00e0 di poter partorire proposte, non sfuggiamo dalla discussione\u201d.<br \/>\nOre 15,34<br \/>\nIntervento di un laconico Nicola Cucinotta: \u201cAbbiamo sempre chiesto all\u2019amministrazione di provare strade alternative alla pedonalizzazione di via dei Mille, abbiamo sempre avuto risposte negative. Io mi sento ostaggio di questa questione, io vorrei un\u2019isola pi\u00f9 ampia, che va dalla cortina del Porto al villa Dante, ma questo Cacciola non l\u2019ha mai compreso. Messina \u00e8 estesa in lunghezza, ci sono tre arterie stradali principali, ne chiudiamo due, da dove passano le macchine?\u201d.<br \/>\nOre 15,42<br \/>\nPrende la parola la capogruppo di Cambiamo Messina dal Basso, Lucy Fenech: \u201cRicordo che dopo la prima bocciatura, il 2 agosto del 2014 i messinesi sono scesi in piazza per dire s\u00ec all\u2019isola pedonale di via dei Mille. Tra quelli c\u2019erano centinaia di persone che chiedevano di avere una citt\u00e0 pi\u00f9 civile, hanno fatto una petizione affinch\u00e8 la discussione non cadesse nel dimenticatoio. Alcuni colleghi hanno fatto di tutto affinch\u00e8 non venisse affrontata la discussione, la delibera \u00e8 del gennaio 2017 e in questo anno si poteva fare di pi\u00f9, se siamo arrivati a questo punto \u00e8 colpa di questo Consiglio Comunale\u201d. Durante l\u2019intervento della Fenech c\u2019\u00e8 stata la scomposta reazione di Cucinotta invitato alla presidente Barrile ad \u201candare a prendere una camomilla\u201d.<br \/>\nOre 15,52<br \/>\nPiccato l\u2019intervento del capogruppo di Felice per Messina, Giuseppe Santalco: \u201cPurtroppo una parte della stampa ci definisce circensi, io ho sempre avuto rispetto della stampa ma tante volte questo rispetto non \u00e8 corrisposto. L\u2019amministrazione ha sempre avuto un\u2019idea ristretta di isola pedonale, chiedo ai commercianti di via dei Mille cosa gli ha mai dato questa Giunta se non transenne. Ritirate la delibera e tra una settimana presentate una delibera che abbia una visione organica di sviluppo per l\u2019economia, pensate ai danni procurati ai commercianti delle vie limitrofe e dei residenti. Quella -dell\u2019amministrazione \u00e8 una visione miope, fossilizzata solo su via dei Mille. Presentate un\u2019altra delibera altrimenti non cambier\u00e0 nulla\u201d.<br \/>\nOre 16,06<br \/>\nParola al consigliere Benedetto Vaccario: &#8220;Mi chiedo se \u00e8 possibile pedonalizzare via dei Mille solo per certi giorni della settimana mettere i dissuasori elettrici?&#8221;.<br \/>\nOre 16,11<br \/>\nAntonella Russo, capogruppo Pd: &#8220;Il Comune ha presentato ricorso contro la sentenza del Tar, \u00e8 stata fissata la data dell&#8217;udienza? ed eventualmente il Comune si \u00e8 prefissato il prelievo della sentenza?&#8221;.<br \/>\nOre 16,12<br \/>\nDaniela Faranda di Fratelli d\u2019Italia commenta: \u201cSu questo argomento il Consiglio Comunale ne \u00e8 uscito massacrato agli occhi della citt\u00e0, io non accetter\u00f2 pi\u00f9 intimidazioni. Purtroppo si sono pedonalizzate aree in modo errato, senza tener conto delle conseguenze. Le isole pedonali non sono solo dei commercianti, ma anche di chi vi risiede\u201d.<br \/>\nOre 16,22<br \/>\nLibero Gioveni esponente del Gruppo Misto: \u201cHo sottoscritto un emendamento che prevede la pedonalizzazione totale del viale San Martino, sopprimendo via dei Mille. Ma se questo atto non passer\u00e0 voter\u00f2 comunque in modo favorevole alla delibera. Mi domando se il voto di questa delibera \u00e8 incompatibile con l\u2019aggiornamento del Pgtu\u201d. Il consiglio dovrebbe essere aggiornato a mercoled\u00ec.<br \/>\nOre 16,28<br \/>\nCarlo Abbate (Gruppo Misto): &#8220;E&#8217; stato fatto il monitoraggio, sul viale San Martino e in via dei Mille, per conforntare il numero di passanti rispetto al periodo in cui non c&#8217;\u00e8 stata la pedonalizzione?&#8221;.<br \/>\nOre 16,34<br \/>\nRisponde il funzionario Bruno Bringheli, unico tecnico presente in aula: \u201cAttualmente \u00e8 prevista solo l\u2019area pedonale di via I Settembre. L\u2019isola pedonale al centro doveva durare sei mesi e cos\u00ec \u00e8 stato. La sentenza del Tar dice che serviva l\u2019inserimento dell\u2019atto nel Put, Trischitta ha ragione ma \u00e8 vero che l\u2019amministrazione e il Dipartimento ha preso atto di quanto stabilito dal Consiglio Comunale e dal Tar. Nel gennaio 2017 la Giunta ha preso atto di tutto questo e a prodotto un atto politico. Abbiamo fatto la gara per lo studio da cui sarebbe scaturita modifica del Ptu. Non pensate solo alla via dei Mille, potete proporre ci\u00f2 che volete. Un rilevamento \u00e8 stato fatto, abbiamo notato una forte riduzione del traffico veicolare sia per motivi economici, non c\u2019\u00e8 pi\u00f9 la propensione a spendere come qualche anno fa, ma anche per l\u2019apertura dello svincolo di Giostra. C\u2019\u00e8 pure una maggiore sensibilit\u00e0 dei cittadini, da parte di ascia la macchina a casa preferendo l\u2019uso della bicicletta o perch\u00e9 si vuol camminare a piedi\u201d.<br \/>\n16,59<br \/>\nNuovo intervento ell&#8217;assessore Sergio De Cola: &#8220;In citt\u00e0 c&#8217;\u00e8 un dibattito su questo tema, la citt\u00e0 siete voi e dovete tenerne conto. Chi si dice favorevole all&#8217;isola poi magari proprone un emendamento che dice l&#8217;esatto opposto. La nostra \u00e8 una proposta minimale, ma \u00e8 una proposta&#8221;.<br \/>\nOre 17,05<br \/>\nVengono presentati gli emendamenti, ma i pareri non possono essere emessi per via dell&#8217;assenza del dirigente. Consiglio a mercoled\u00ec alle 14.<br \/>\nFine della diretta.<div id=\"div-gpt-ad-Messinaoggi.it-DSK-300x250-corpoart\" style=\"text-align:center;margin:0 auto;\"><\/div><\/p>\n<div id=\"videoincontent\" style=\"clear:both\";><\/div>","protected":false},"excerpt":{"rendered":"<p>Inizia la diretta Live della seduta di Consiglio Comunale per l&#8217;isola pedonale di via dei Mille. Ore 14,28 La presidente Emilia Barrile ha dichiarato aperta la seduta. 23\u00a0 presenti, non ci saranno il sindaco Accorinti e l&#8217;assessore Cacciola. La stessa Barrile poi ospende la seduta per dieci minuti convocando una riunione dei capigruppo. Ore 15,08 [&hellip;]<\/p>\n","protected":false},"author":2,"featured_media":11736,"comment_status":"closed","ping_status":"open","sticky":false,"template":"","format":"standard","meta":{"ub_ctt_via":"","_mi_skip_tracking":false},"categories":[4],"tags":[],"featured_image_src":"https:\/\/www.messinaoggi.it\/website\/wp-content\/uploads\/2017\/11\/consiglio-comunale-generico-messinaoggi.jpg","author_info":{"display_name":"Redazione","author_link":"https:\/\/www.messinaoggi.it\/website\/author\/redazione\/"},"digistream_id":0,"digistream":false,"_links":{"self":[{"href":"https:\/\/www.messinaoggi.it\/website\/wp-json\/wp\/v2\/posts\/14629"}],"collection":[{"href":"https:\/\/www.messinaoggi.it\/website\/wp-json\/wp\/v2\/posts"}],"about":[{"href":"https:\/\/www.messinaoggi.it\/website\/wp-json\/wp\/v2\/types\/post"}],"author":[{"embeddable":true,"href":"https:\/\/www.messinaoggi.it\/website\/wp-json\/wp\/v2\/users\/2"}],"replies":[{"embeddable":true,"href":"https:\/\/www.messinaoggi.it\/website\/wp-json\/wp\/v2\/comments?post=14629"}],"version-history":[{"count":0,"href":"https:\/\/www.messinaoggi.it\/website\/wp-json\/wp\/v2\/posts\/14629\/revisions"}],"wp:featuredmedia":[{"embeddable":true,"href":"https:\/\/www.messinaoggi.it\/website\/wp-json\/wp\/v2\/media\/11736"}],"wp:attachment":[{"href":"https:\/\/www.messinaoggi.it\/website\/wp-json\/wp\/v2\/media?parent=14629"}],"wp:term":[{"taxonomy":"category","embeddable":true,"href":"https:\/\/www.messinaoggi.it\/website\/wp-json\/wp\/v2\/categories?post=14629"},{"taxonomy":"post_tag","embeddable":true,"href":"https:\/\/www.messinaoggi.it\/website\/wp-json\/wp\/v2\/tags?post=14629"}],"curies":[{"name":"wp","href":"https:\/\/api.w.org\/{rel}","templated":true}]}}