{"id":146266,"date":"2023-03-14T16:32:52","date_gmt":"2023-03-14T15:32:52","guid":{"rendered":"https:\/\/www.messinaoggi.it\/website\/2023\/03\/14\/concorsi-per-ricambio-generazionale-primi-assunti-alla-regione-siciliana\/"},"modified":"2023-03-14T19:24:38","modified_gmt":"2023-03-14T18:24:38","slug":"concorsi-per-ricambio-generazionale-primi-assunti-alla-regione-siciliana","status":"publish","type":"post","link":"https:\/\/www.messinaoggi.it\/website\/2023\/03\/14\/concorsi-per-ricambio-generazionale-primi-assunti-alla-regione-siciliana\/","title":{"rendered":"Concorsi per ricambio generazionale, primi assunti alla Regione Siciliana"},"content":{"rendered":"<div>\n<p>PALERMO (ITALPRESS) \u2013 Firmati questa mattina, alla presenza dell\u2019assessore alla Funzione pubblica, Andrea Messina, e della dirigente generale Carmen Madonia, i primi contratti di lavoro a tempo indeterminato per funzionario tecnico vincitori del concorso per il Ricambio generazionale della Regione Siciliana. I neo assunti, 21 sui 24 previsti dal bando di concorso, andranno a implementare gli organici dei diversi assessorati con competenze nell\u2019ambito della tutela e della valorizzazione del territorio, della pianificazione e dello sviluppo dei territori (per i restanti tre si dar\u00e0 corso nei prossimi giorni allo scorrimento di graduatoria). I nuovi funzionari tecnici sono stati destinati a diversi uffici dell\u2019Amministrazione regionale, sia a Palermo che nelle diverse province, in relazione al fabbisogno di organico. Per tutti l\u2019immissione in servizio avverr\u00e0 il 18 aprile.<br \/>\u201cIl vostro ingresso nei ruoli dell\u2019amministrazione regionale \u2013 ha sottolineato l\u2019assessore delle Autonomie locali e della funzione pubblica, Andrea Messina \u2013 rappresenta per tutti noi un importante traguardo e un forte segnale di fiducia. Dopo tanti anni di blocco nelle assunzioni finalmente registriamo un concreto cambio di rotta, un segnale positivo che porta nuove professionalit\u00e0 in amministrazione e ci rafforza in ambiti sfidanti che erano rimasti sguarniti a causa dei pensionamenti degli ultimi anni. Sono fiducioso che ciascuno di voi porter\u00e0 all\u2019interno dell\u2019amministrazione tutto il proprio entusiasmo nell\u2019interesse della collettivit\u00e0\u201d, ha aggiunto rivolgendosi ai neo assunti.<br \/>E di interesse pubblico ha parlato la dirigente generale del dipartimento Funzione pubblica, Carmen Madonia, che ha ricordato ai neo assunti che \u201cla Pubblica amministrazione ha un solo datore di lavoro: la collettivit\u00e0. Questo impegna ciascuno di noi ad operare sempre in trasparenza e nell\u2019interesse pubblico portando all\u2019interno della Regione le competenze e le esperienze acquisite per migliorare i processi lavorativi e ottimizzare i risultati\u201d.<br \/>La stipula dei contratti, si legge in una nota, continuer\u00e0 anche nei prossimi giorni cos\u00ec da completare le procedure per i 7 concorsi per funzionari, e precisamente: domani, mercoled\u00ec 15, sar\u00e0 la volta dei vincitori del concorso per funzionario economico finanziario e per funzionario amministrativo. Gioved\u00ec 16 dei quattro concorsi relativi a funzionari dei sistemi informativi, funzionari avvocati, responsabili del controllo di gestione e funzionari agronomi. Il tutto per un totale di 90 assunti rispetto ai 100 previsti dai bandi. I restanti 10 posti saranno ricoperti attraverso lo scorrimento della graduatoria.<br \/>Gli uffici continueranno a lavorare per definire le graduatorie relative ai restanti concorsi cos\u00ec da predisporre, entro il mese di giugno, la firma e la successiva immissione in ruolo di tutti i vincitori, conclude la nota.<br \/>foto ufficio stampa Regione siciliana<br \/>(ITALPRESS).<div id=\"div-gpt-ad-Messinaoggi.it-DSK-300x250-corpoart\" style=\"text-align:center;margin:0 auto;\"><\/div><\/p>\n<\/div>\n<div id=\"videoincontent\" style=\"clear:both\";><\/div>","protected":false},"excerpt":{"rendered":"<p>PALERMO (ITALPRESS) \u2013 Firmati questa mattina, alla presenza dell\u2019assessore alla Funzione pubblica, Andrea Messina, e della dirigente generale Carmen Madonia, i primi contratti di lavoro a tempo indeterminato per funzionario tecnico vincitori del concorso per il Ricambio generazionale della Regione Siciliana. I neo assunti, 21 sui 24 previsti dal bando di concorso, andranno a implementare [&hellip;]<\/p>\n","protected":false},"author":18,"featured_media":146267,"comment_status":"closed","ping_status":"closed","sticky":false,"template":"","format":"standard","meta":{"ub_ctt_via":"","_mi_skip_tracking":false},"categories":[4,2449],"tags":[783],"featured_image_src":"https:\/\/www.messinaoggi.it\/website\/wp-content\/uploads\/2023\/03\/20230314_1596.jpg","author_info":{"display_name":"Admin","author_link":"https:\/\/www.messinaoggi.it\/website\/author\/admin\/"},"digistream_id":0,"digistream":false,"_links":{"self":[{"href":"https:\/\/www.messinaoggi.it\/website\/wp-json\/wp\/v2\/posts\/146266"}],"collection":[{"href":"https:\/\/www.messinaoggi.it\/website\/wp-json\/wp\/v2\/posts"}],"about":[{"href":"https:\/\/www.messinaoggi.it\/website\/wp-json\/wp\/v2\/types\/post"}],"author":[{"embeddable":true,"href":"https:\/\/www.messinaoggi.it\/website\/wp-json\/wp\/v2\/users\/18"}],"replies":[{"embeddable":true,"href":"https:\/\/www.messinaoggi.it\/website\/wp-json\/wp\/v2\/comments?post=146266"}],"version-history":[{"count":1,"href":"https:\/\/www.messinaoggi.it\/website\/wp-json\/wp\/v2\/posts\/146266\/revisions"}],"predecessor-version":[{"id":146341,"href":"https:\/\/www.messinaoggi.it\/website\/wp-json\/wp\/v2\/posts\/146266\/revisions\/146341"}],"wp:featuredmedia":[{"embeddable":true,"href":"https:\/\/www.messinaoggi.it\/website\/wp-json\/wp\/v2\/media\/146267"}],"wp:attachment":[{"href":"https:\/\/www.messinaoggi.it\/website\/wp-json\/wp\/v2\/media?parent=146266"}],"wp:term":[{"taxonomy":"category","embeddable":true,"href":"https:\/\/www.messinaoggi.it\/website\/wp-json\/wp\/v2\/categories?post=146266"},{"taxonomy":"post_tag","embeddable":true,"href":"https:\/\/www.messinaoggi.it\/website\/wp-json\/wp\/v2\/tags?post=146266"}],"curies":[{"name":"wp","href":"https:\/\/api.w.org\/{rel}","templated":true}]}}