{"id":146203,"date":"2023-03-14T12:33:50","date_gmt":"2023-03-14T11:33:50","guid":{"rendered":"http:\/\/www.messinaoggi.it\/website\/?p=146203"},"modified":"2023-03-14T15:00:25","modified_gmt":"2023-03-14T14:00:25","slug":"ufficio-postale-di-tortorici-leanza-pd-fara-pomeriggio","status":"publish","type":"post","link":"https:\/\/www.messinaoggi.it\/website\/2023\/03\/14\/ufficio-postale-di-tortorici-leanza-pd-fara-pomeriggio\/","title":{"rendered":"Leanza: Ufficio postale di Tortorici far\u00e0 il pomeriggio"},"content":{"rendered":"\n<p><div id=\"div-gpt-ad-Messinaoggi.it-DSK-300x250-corpoart\" style=\"text-align:center;margin:0 auto;\"><\/div><\/p>\n\n\n\n<p>Il deputato regionale del Pd <strong>Calogero Leanza,<\/strong> che da tempo si occupa della vicenda, e che nei mesi scorsi ha sollecitato i vertici regionali di Poste italiane, interviene sulla questione dell&#8217;Ufficio postale di Tortorici.<div id=\"videoincontent\" style=\"clear:both\";><\/div><\/p>\n\n\n\n<p>Le parole di Leanza: \u201cL\u2019ufficio postale di Tortorici torna alla sua piena operativit\u00e0. Dopo mesi di chiusura, infatti, l\u2019azienda ha comunicato che sar\u00e0 riattivato il turno pomeridiano dell\u2019ufficio nel comune nebroideo&#8221;. <\/p>\n\n\n\n<p>\u201c\u00c8 un ritorno alla normalit\u00e0\u201d, lo definisco cos\u00ec &#8211; osserva l\u2019onorevole di Sala d\u2019Ercole &#8211; erano troppi i disagi per i tortoriciani e, numerose, sono state le segnalazioni da parte del sindaco Carmelo Rizzo Nervo, che ringrazio per aver tenuto accesi i fari sulla questione\u201d.<\/p>\n\n\n\n<p>\u201cCome avevo gi\u00e0 evidenziato, Tortorici \u00e8 una comunit\u00e0 di 70 contrade e borgate e molti abitanti lavorano fuori dal comune. La riapertura del servizio risolve tanti disagi e consente all\u2019utenza di usufruire senza pi\u00f9 difficolt\u00e0 di servizi postali imprescindibili\u201d, conclude Leanza.<\/p>\n","protected":false},"excerpt":{"rendered":"<p>Il deputato regionale del Pd Calogero Leanza, che da tempo si occupa della vicenda, e che nei mesi scorsi ha sollecitato i vertici regionali di Poste italiane, interviene sulla questione dell&#8217;Ufficio postale di Tortorici. Le parole di Leanza: \u201cL\u2019ufficio postale di Tortorici torna alla sua piena operativit\u00e0. Dopo mesi di chiusura, infatti, l\u2019azienda ha comunicato [&hellip;]<\/p>\n","protected":false},"author":15,"featured_media":146205,"comment_status":"open","ping_status":"open","sticky":false,"template":"","format":"standard","meta":{"ub_ctt_via":"","_mi_skip_tracking":false},"categories":[13,18],"tags":[601,5341,3300,5344,6650,842,1580,4929],"featured_image_src":"https:\/\/www.messinaoggi.it\/website\/wp-content\/uploads\/2023\/03\/Uffico-Postale-Tortorici-Leanza.jpeg","author_info":{"display_name":"red.me","author_link":"https:\/\/www.messinaoggi.it\/website\/author\/red-me\/"},"digistream_id":0,"digistream":false,"_links":{"self":[{"href":"https:\/\/www.messinaoggi.it\/website\/wp-json\/wp\/v2\/posts\/146203"}],"collection":[{"href":"https:\/\/www.messinaoggi.it\/website\/wp-json\/wp\/v2\/posts"}],"about":[{"href":"https:\/\/www.messinaoggi.it\/website\/wp-json\/wp\/v2\/types\/post"}],"author":[{"embeddable":true,"href":"https:\/\/www.messinaoggi.it\/website\/wp-json\/wp\/v2\/users\/15"}],"replies":[{"embeddable":true,"href":"https:\/\/www.messinaoggi.it\/website\/wp-json\/wp\/v2\/comments?post=146203"}],"version-history":[{"count":7,"href":"https:\/\/www.messinaoggi.it\/website\/wp-json\/wp\/v2\/posts\/146203\/revisions"}],"predecessor-version":[{"id":146237,"href":"https:\/\/www.messinaoggi.it\/website\/wp-json\/wp\/v2\/posts\/146203\/revisions\/146237"}],"wp:featuredmedia":[{"embeddable":true,"href":"https:\/\/www.messinaoggi.it\/website\/wp-json\/wp\/v2\/media\/146205"}],"wp:attachment":[{"href":"https:\/\/www.messinaoggi.it\/website\/wp-json\/wp\/v2\/media?parent=146203"}],"wp:term":[{"taxonomy":"category","embeddable":true,"href":"https:\/\/www.messinaoggi.it\/website\/wp-json\/wp\/v2\/categories?post=146203"},{"taxonomy":"post_tag","embeddable":true,"href":"https:\/\/www.messinaoggi.it\/website\/wp-json\/wp\/v2\/tags?post=146203"}],"curies":[{"name":"wp","href":"https:\/\/api.w.org\/{rel}","templated":true}]}}