{"id":146088,"date":"2023-03-13T14:02:52","date_gmt":"2023-03-13T13:02:52","guid":{"rendered":"https:\/\/www.messinaoggi.it\/website\/2023\/03\/13\/pnrr-schifani-importante-intesa-regione-siciliana-parti-sociali\/"},"modified":"2023-03-13T14:02:52","modified_gmt":"2023-03-13T13:02:52","slug":"pnrr-schifani-importante-intesa-regione-siciliana-parti-sociali","status":"publish","type":"post","link":"https:\/\/www.messinaoggi.it\/website\/2023\/03\/13\/pnrr-schifani-importante-intesa-regione-siciliana-parti-sociali\/","title":{"rendered":"Pnrr, Schifani \u201cImportante intesa Regione Siciliana-parti sociali\u201d"},"content":{"rendered":"<div>\n<p>PALERMO (ITALPRESS) \u2013 E\u2019 stato siglato a Palazzo d\u2019Orleans, tra governo regionale e parti sociali, il \u201cProtocollo per la partecipazione e il confronto nell\u2019ambito del Piano nazionale di ripresa e resilienza e del Piano nazionale per gli investimenti complementari\u201d. A porre la firma sul documento, la cui proposta era stata approvata dalla giunta regionale lo scorso 3 marzo, il presidente della Regione, Renato Schifani, i segretari generali regionali della Cgil, Alfio Mannino, della Cisl, Sebastiano Cappuccio, della Uil, Luisella Lionti, e dell\u2019Ugl Sicilia, Giuseppe Messina, e il vicepresidente dell\u2019Anci Sicilia, Giulio Tantillo.<br \/>\u00abQuesto protocollo \u2013 commenta il governatore \u2013 segna un importante passo avanti per la Sicilia, nella prospettiva delle sfide che ci attendono nei prossimi anni con la programmazione e la spesa delle risorse nazionali ed europee. Accogliamo con favore il confronto con il sindacato, soprattutto quando si inizia un percorso strategico di sviluppo. E\u2019 fondamentale la collaborazione leale di tutti gli attori, con i quali dialogheremo costantemente con l\u2019intento di tutelare l\u2019interesse comune e la correttezza dei conti pubblici, per il bene della Sicilia e dei siciliani\u00bb.<br \/>Con la sottoscrizione dell\u2019accordo si d\u00e0 ufficialmente il via ai lavori del Tavolo regionale territoriale e di settore, che sar\u00e0 convocato con regolarit\u00e0 e che sar\u00e0 composto dal governatore o da un suo delegato, dal coordinatore della Cabina di regia regionale, dal dirigente generale della Programmazione, dai dirigenti generali dei dipartimenti di riferimento rispetto alle materie di volta in volta trattate e da un rappresentante per ognuna delle parti che hanno firmato il protocollo. <br \/>Il documento, previsto dal decreto legge del 31 maggio 2021, prevede attivit\u00e0 di monitoraggio sull\u2019uso delle risorse del Pnrr, anche in relazione all\u2019utilizzo dei fondi strutturali e di investimento europei e del Fondo per lo sviluppo e la coesione, in merito alle ricadute sociali, economiche e occupazionali degli investimenti sostenuti e delle riforme previste e da attuare. All\u2019interno del tavolo potranno essere stipulati specifici accordi negoziali in materia di legalit\u00e0, codice degli appalti e sicurezza sui luoghi di lavoro. <div id=\"div-gpt-ad-Messinaoggi.it-DSK-300x250-corpoart\" style=\"text-align:center;margin:0 auto;\"><\/div><\/p>\n<p>\u2013 foto: ufficio stampa Regione Siciliana <div id=\"videoincontent\" style=\"clear:both\";><\/div><\/p>\n<p>(ITALPRESS).<\/p>\n<\/div>\n","protected":false},"excerpt":{"rendered":"<p>PALERMO (ITALPRESS) \u2013 E\u2019 stato siglato a Palazzo d\u2019Orleans, tra governo regionale e parti sociali, il \u201cProtocollo per la partecipazione e il confronto nell\u2019ambito del Piano nazionale di ripresa e resilienza e del Piano nazionale per gli investimenti complementari\u201d. A porre la firma sul documento, la cui proposta era stata approvata dalla giunta regionale lo [&hellip;]<\/p>\n","protected":false},"author":18,"featured_media":146089,"comment_status":"closed","ping_status":"closed","sticky":false,"template":"","format":"standard","meta":{"ub_ctt_via":"","_mi_skip_tracking":false},"categories":[2449],"tags":[783],"featured_image_src":"https:\/\/www.messinaoggi.it\/website\/wp-content\/uploads\/2023\/03\/20230313_0780.jpg","author_info":{"display_name":"Admin","author_link":"https:\/\/www.messinaoggi.it\/website\/author\/admin\/"},"digistream_id":0,"digistream":false,"_links":{"self":[{"href":"https:\/\/www.messinaoggi.it\/website\/wp-json\/wp\/v2\/posts\/146088"}],"collection":[{"href":"https:\/\/www.messinaoggi.it\/website\/wp-json\/wp\/v2\/posts"}],"about":[{"href":"https:\/\/www.messinaoggi.it\/website\/wp-json\/wp\/v2\/types\/post"}],"author":[{"embeddable":true,"href":"https:\/\/www.messinaoggi.it\/website\/wp-json\/wp\/v2\/users\/18"}],"replies":[{"embeddable":true,"href":"https:\/\/www.messinaoggi.it\/website\/wp-json\/wp\/v2\/comments?post=146088"}],"version-history":[{"count":0,"href":"https:\/\/www.messinaoggi.it\/website\/wp-json\/wp\/v2\/posts\/146088\/revisions"}],"wp:featuredmedia":[{"embeddable":true,"href":"https:\/\/www.messinaoggi.it\/website\/wp-json\/wp\/v2\/media\/146089"}],"wp:attachment":[{"href":"https:\/\/www.messinaoggi.it\/website\/wp-json\/wp\/v2\/media?parent=146088"}],"wp:term":[{"taxonomy":"category","embeddable":true,"href":"https:\/\/www.messinaoggi.it\/website\/wp-json\/wp\/v2\/categories?post=146088"},{"taxonomy":"post_tag","embeddable":true,"href":"https:\/\/www.messinaoggi.it\/website\/wp-json\/wp\/v2\/tags?post=146088"}],"curies":[{"name":"wp","href":"https:\/\/api.w.org\/{rel}","templated":true}]}}