{"id":145833,"date":"2023-03-11T11:34:53","date_gmt":"2023-03-11T10:34:53","guid":{"rendered":"http:\/\/www.messinaoggi.it\/website\/?p=145833"},"modified":"2023-03-11T11:34:56","modified_gmt":"2023-03-11T10:34:56","slug":"rsa-in-pessime-condizioni-denunciata-la-responsabile","status":"publish","type":"post","link":"https:\/\/www.messinaoggi.it\/website\/2023\/03\/11\/rsa-in-pessime-condizioni-denunciata-la-responsabile\/","title":{"rendered":"RSA in pessime condizioni: denunciata la responsabile"},"content":{"rendered":"\n<p>Scovata una RSA in pessime condizioni igienico-sanitarie. \u00c8 questo il motivo per cui gioved\u00ec scorso la responsabile di una RSA di Messina \u00e8 stata denunciata dai carabinieri. Alla responsabile, in particolare, sono stati contestati reati legati alle violazioni della normativa in materia di sicurezza sui luoghi di lavoro.<div id=\"div-gpt-ad-Messinaoggi.it-DSK-300x250-corpoart\" style=\"text-align:center;margin:0 auto;\"><\/div><\/p>\n\n\n\n<p>Durante un apposito controllo ispettivo realizzato dai carabinieri della Compagnia di Messina Sud e dal NAS di Catania, sono state accertate diverse violazioni igienico-sanitarie, tra cui infiltrazioni di acqua meteorica, varie crepe sulle pareti e mancanza di pannelli nel controsoffitto, condizioni che pregiudicavano gli aspetti igienico-sanitari della struttura. Oltre a denunciare la responsabile della struttura, i carabinieri informeranno l&#8217;Asp che provveder\u00e0 ad impartire le prescrizioni temporali, finalizzate al rispristino dello stato dei luoghi.<div id=\"videoincontent\" style=\"clear:both\";><\/div><\/p>\n\n\n\n<p>Quello realizzato gioved\u00ec scorso non sar\u00e0 l&#8217;ultimo controllo. I servizi di controllo nel settore delle strutture socio sanitarie saranno infatti ripetuti dai carabinieri del Comando Provinciale di Messina e dai Reparti Speciali NAS e Nucleo Ispettorato del Lavoro, al fine di tutelare non solo chi soggiorna in queste strutture, ma anche chi ci lavora.<\/p>\n","protected":false},"excerpt":{"rendered":"<p>Scovata una RSA in pessime condizioni igienico-sanitarie. \u00c8 questo il motivo per cui gioved\u00ec scorso la responsabile di una RSA di Messina \u00e8 stata denunciata dai carabinieri. Alla responsabile, in particolare, sono stati contestati reati legati alle violazioni della normativa in materia di sicurezza sui luoghi di lavoro. Durante un apposito controllo ispettivo realizzato dai [&hellip;]<\/p>\n","protected":false},"author":8,"featured_media":145834,"comment_status":"open","ping_status":"open","sticky":false,"template":"","format":"standard","meta":{"ub_ctt_via":"","_mi_skip_tracking":false},"categories":[5],"tags":[32,1065,1513],"featured_image_src":"https:\/\/www.messinaoggi.it\/website\/wp-content\/uploads\/2023\/03\/repertorio-carabinieri-nas-rsa.jpg","author_info":{"display_name":"red..me","author_link":"https:\/\/www.messinaoggi.it\/website\/author\/redstage\/"},"digistream_id":0,"digistream":false,"_links":{"self":[{"href":"https:\/\/www.messinaoggi.it\/website\/wp-json\/wp\/v2\/posts\/145833"}],"collection":[{"href":"https:\/\/www.messinaoggi.it\/website\/wp-json\/wp\/v2\/posts"}],"about":[{"href":"https:\/\/www.messinaoggi.it\/website\/wp-json\/wp\/v2\/types\/post"}],"author":[{"embeddable":true,"href":"https:\/\/www.messinaoggi.it\/website\/wp-json\/wp\/v2\/users\/8"}],"replies":[{"embeddable":true,"href":"https:\/\/www.messinaoggi.it\/website\/wp-json\/wp\/v2\/comments?post=145833"}],"version-history":[{"count":1,"href":"https:\/\/www.messinaoggi.it\/website\/wp-json\/wp\/v2\/posts\/145833\/revisions"}],"predecessor-version":[{"id":145835,"href":"https:\/\/www.messinaoggi.it\/website\/wp-json\/wp\/v2\/posts\/145833\/revisions\/145835"}],"wp:featuredmedia":[{"embeddable":true,"href":"https:\/\/www.messinaoggi.it\/website\/wp-json\/wp\/v2\/media\/145834"}],"wp:attachment":[{"href":"https:\/\/www.messinaoggi.it\/website\/wp-json\/wp\/v2\/media?parent=145833"}],"wp:term":[{"taxonomy":"category","embeddable":true,"href":"https:\/\/www.messinaoggi.it\/website\/wp-json\/wp\/v2\/categories?post=145833"},{"taxonomy":"post_tag","embeddable":true,"href":"https:\/\/www.messinaoggi.it\/website\/wp-json\/wp\/v2\/tags?post=145833"}],"curies":[{"name":"wp","href":"https:\/\/api.w.org\/{rel}","templated":true}]}}