{"id":145663,"date":"2023-03-10T09:07:52","date_gmt":"2023-03-10T08:07:52","guid":{"rendered":"https:\/\/www.messinaoggi.it\/website\/2023\/03\/10\/papa-francesco-se-la-stanchezza-mi-annebbiera-daro-le-dimissioni\/"},"modified":"2023-03-10T09:13:53","modified_gmt":"2023-03-10T08:13:53","slug":"papa-francesco-se-la-stanchezza-mi-annebbiera-daro-le-dimissioni","status":"publish","type":"post","link":"https:\/\/www.messinaoggi.it\/website\/2023\/03\/10\/papa-francesco-se-la-stanchezza-mi-annebbiera-daro-le-dimissioni\/","title":{"rendered":"Papa Francesco \u201cSe la stanchezza mi annebbier\u00e0 dar\u00f2 le dimissioni\u201d"},"content":{"rendered":"<div>ROMA (ITALPRESS) &#8211; Papa Francesco non pensa alle dimissioni, ma spiega che lo spingerebbe a darle &#8220;una stanchezza che non ti fa vedere chiaramente le cose. La mancanza di chiarezza, di sapere valutare le situazioni&#8221;. In un&#8217;intervista a Rsi, la radiotelevisione svizzera di lingua italiana, anticipata dai quotidiani &#8220;La Repubblica&#8221;, &#8220;Corriere della Sera&#8221; e &#8220;La Stampa&#8221;, il Pontefice racconta i 10 anni di pontificato e sottolinea che &#8220;sono vecchio. Ho meno resistenza fisica, quella del ginocchio \u00e8 stata un&#8217;umiliazione fisica, anche se adesso sta guarendo bene&#8221;.<br \/>\n&#8220;Mi vergognavo un p\u00f2&#8221; ad andare in carrozzina, ammette. Da dieci anni non vive pi\u00f9 a Buenos Aires. Di quel tempo gli manca &#8220;camminare, andare per la strada&#8221;. Ma sta bene a Roma, &#8220;una citt\u00e0 unica&#8221;, seppure le preoccupazioni non mancano. Siamo &#8220;in una guerra mondiale&#8221;, dice. &#8220;E&#8217; cominciata a pezzetti e adesso nessuno pu\u00f2 dire che non \u00e8 mondiale. Perch\u00e8 le grandi potenze sono tutte invischiate. E il campo di battaglia \u00e8 l&#8217;Ucraina. L\u00ec lottano tutti&#8221;. Il Papa racconta che Putin sa che lui vorrebbe incontrarlo, &#8220;ma l\u00ec ci sono tutti gli interessi imperiali, non solo dell&#8217;impero russo, ma degli imperi di altre parti&#8221;.<div id=\"div-gpt-ad-Messinaoggi.it-DSK-300x250-corpoart\" style=\"text-align:center;margin:0 auto;\"><\/div><\/p>\n<p>&#8211; foto agenziafotogramma.it &#8211;<br \/>\n(ITALPRESS).<div id=\"videoincontent\" style=\"clear:both\";><\/div><\/p><\/div>\n","protected":false},"excerpt":{"rendered":"<p>ROMA (ITALPRESS) &#8211; Papa Francesco non pensa alle dimissioni, ma spiega che lo spingerebbe a darle &#8220;una stanchezza che non ti fa vedere chiaramente le cose. La mancanza di chiarezza, di sapere valutare le situazioni&#8221;. In un&#8217;intervista a Rsi, la radiotelevisione svizzera di lingua italiana, anticipata dai quotidiani &#8220;La Repubblica&#8221;, &#8220;Corriere della Sera&#8221; e &#8220;La [&hellip;]<\/p>\n","protected":false},"author":18,"featured_media":145664,"comment_status":"closed","ping_status":"closed","sticky":false,"template":"","format":"standard","meta":{"ub_ctt_via":"","_mi_skip_tracking":false},"categories":[446,6],"tags":[783],"featured_image_src":"https:\/\/www.messinaoggi.it\/website\/wp-content\/uploads\/2023\/03\/20230310_0093.jpg","author_info":{"display_name":"Admin","author_link":"https:\/\/www.messinaoggi.it\/website\/author\/admin\/"},"digistream_id":0,"digistream":false,"_links":{"self":[{"href":"https:\/\/www.messinaoggi.it\/website\/wp-json\/wp\/v2\/posts\/145663"}],"collection":[{"href":"https:\/\/www.messinaoggi.it\/website\/wp-json\/wp\/v2\/posts"}],"about":[{"href":"https:\/\/www.messinaoggi.it\/website\/wp-json\/wp\/v2\/types\/post"}],"author":[{"embeddable":true,"href":"https:\/\/www.messinaoggi.it\/website\/wp-json\/wp\/v2\/users\/18"}],"replies":[{"embeddable":true,"href":"https:\/\/www.messinaoggi.it\/website\/wp-json\/wp\/v2\/comments?post=145663"}],"version-history":[{"count":1,"href":"https:\/\/www.messinaoggi.it\/website\/wp-json\/wp\/v2\/posts\/145663\/revisions"}],"predecessor-version":[{"id":145672,"href":"https:\/\/www.messinaoggi.it\/website\/wp-json\/wp\/v2\/posts\/145663\/revisions\/145672"}],"wp:featuredmedia":[{"embeddable":true,"href":"https:\/\/www.messinaoggi.it\/website\/wp-json\/wp\/v2\/media\/145664"}],"wp:attachment":[{"href":"https:\/\/www.messinaoggi.it\/website\/wp-json\/wp\/v2\/media?parent=145663"}],"wp:term":[{"taxonomy":"category","embeddable":true,"href":"https:\/\/www.messinaoggi.it\/website\/wp-json\/wp\/v2\/categories?post=145663"},{"taxonomy":"post_tag","embeddable":true,"href":"https:\/\/www.messinaoggi.it\/website\/wp-json\/wp\/v2\/tags?post=145663"}],"curies":[{"name":"wp","href":"https:\/\/api.w.org\/{rel}","templated":true}]}}