{"id":14556,"date":"2018-01-20T15:11:05","date_gmt":"2018-01-20T14:11:05","guid":{"rendered":"http:\/\/www.messinaoggi.it\/website\/?p=14556"},"modified":"2018-01-20T15:11:05","modified_gmt":"2018-01-20T14:11:05","slug":"il-messina-mette-la-freccia-a-sinistra-ecco-inzoudine","status":"publish","type":"post","link":"https:\/\/www.messinaoggi.it\/website\/2018\/01\/20\/il-messina-mette-la-freccia-a-sinistra-ecco-inzoudine\/","title":{"rendered":"Il Messina mette la freccia a sinistra, ecco Inzoudine"},"content":{"rendered":"<p>Battesimo giallorosso per Yvan Inzoudine, il nuovo terzino sinistro messo a disposizione di Giacomo Modica. Classe 1996, francese con un passato nelle giovanili di Lens e Guingamp. Per lui ancora poche parole in italiano, ma idee abbastanza chiare: \u00a0<em>\u201cMi ispiro ad <\/em><strong><em>Alaba<\/em><\/strong><em>, il fuoriclasse del Bayern Monaco. Posso sia difendere che offendere, sono un giocatore moderno. La mia famiglia \u00e8 originaria del\u00a0<\/em><strong><em>Madagascar<\/em><\/strong><em>, ma vive a Parigi. Qui mi piace anche perch\u00e9 ci sono molti migranti che arrivano dal nord dell\u2019Africa, quelli ospitati in Francia provengono invece soprattutto dall\u2019Est dell\u2019Europa\u201d.<\/em><br \/>\nUn giocatore le cui caratteristiche piacciono molto a Giacomo Modica, cos\u00ec come confermato dal direttore sportivo Francesco Lamazza<em>: \u201c\u00c8 un terzino sinistro, adattabile anche da interno di centrocampo. Arriva tramite una vecchia conoscenza del calcio messinese, il grande\u00a0<\/em><strong><em>Tot\u00f2 Schillaci<\/em><\/strong><em>, che si \u00e8 sentito con il mister e ci ha parlato di lui. Lo aveva ben impressionato. Arriva dalla Francia, \u00e8 un giocatore che ha grande qualit\u00e0. Un bel piede e un grande passo, come piace a mister\u00a0<\/em><strong><em>Modica<\/em><\/strong><em>, che cos\u00ec come avviene sulla corsia destra avr\u00e0 un giocatore con queste caratteristiche anche sulla sinistra\u201d.<\/em><br \/>\nL\u2019arrivo di Inzoudine non risolve il problema degli under<em>: \u201cPurtroppo \u00e8 un <\/em><strong><em>1996<\/em><\/strong><em>, e quindi rientra tra gli over. Per farlo giocare dovremo spostare delle pedine. Il suo transfer alla fine \u00e8 arrivato in otto giorni lavorativi, ma servivano prima altri giovani per coprire i ruoli ancora scoperti. Anche per questo abbiamo rinfoltito il reparto under. A mio avviso un conto sarebbe imporre under cresciuti nel tuo settore giovanile, ed \u00e8 ad esempio il caso di <\/em><strong><em>Meo<\/em><\/strong><em> e <\/em><strong><em>Lia<\/em><\/strong><em>, un altro imporne quattro di tre differenti et\u00e0 senza riferimenti all\u2019eventuale squadra di origine. Purtroppo si deve andare a pescare spesso in altre societ\u00e0\u201d.<\/em><div id=\"div-gpt-ad-Messinaoggi.it-DSK-300x250-corpoart\" style=\"text-align:center;margin:0 auto;\"><\/div><\/p>\n<div id=\"videoincontent\" style=\"clear:both\";><\/div>","protected":false},"excerpt":{"rendered":"<p>Battesimo giallorosso per Yvan Inzoudine, il nuovo terzino sinistro messo a disposizione di Giacomo Modica. Classe 1996, francese con un passato nelle giovanili di Lens e Guingamp. Per lui ancora poche parole in italiano, ma idee abbastanza chiare: \u00a0\u201cMi ispiro ad Alaba, il fuoriclasse del Bayern Monaco. Posso sia difendere che offendere, sono un giocatore [&hellip;]<\/p>\n","protected":false},"author":1,"featured_media":14557,"comment_status":"closed","ping_status":"open","sticky":false,"template":"","format":"standard","meta":{"ub_ctt_via":"","_mi_skip_tracking":false},"categories":[10],"tags":[],"featured_image_src":"https:\/\/www.messinaoggi.it\/website\/wp-content\/uploads\/2018\/01\/inzoudine-1.jpg","author_info":{"display_name":"admin@admin.com","author_link":"https:\/\/www.messinaoggi.it\/website\/author\/adminadmin-com\/"},"digistream_id":0,"digistream":false,"_links":{"self":[{"href":"https:\/\/www.messinaoggi.it\/website\/wp-json\/wp\/v2\/posts\/14556"}],"collection":[{"href":"https:\/\/www.messinaoggi.it\/website\/wp-json\/wp\/v2\/posts"}],"about":[{"href":"https:\/\/www.messinaoggi.it\/website\/wp-json\/wp\/v2\/types\/post"}],"author":[{"embeddable":true,"href":"https:\/\/www.messinaoggi.it\/website\/wp-json\/wp\/v2\/users\/1"}],"replies":[{"embeddable":true,"href":"https:\/\/www.messinaoggi.it\/website\/wp-json\/wp\/v2\/comments?post=14556"}],"version-history":[{"count":0,"href":"https:\/\/www.messinaoggi.it\/website\/wp-json\/wp\/v2\/posts\/14556\/revisions"}],"wp:featuredmedia":[{"embeddable":true,"href":"https:\/\/www.messinaoggi.it\/website\/wp-json\/wp\/v2\/media\/14557"}],"wp:attachment":[{"href":"https:\/\/www.messinaoggi.it\/website\/wp-json\/wp\/v2\/media?parent=14556"}],"wp:term":[{"taxonomy":"category","embeddable":true,"href":"https:\/\/www.messinaoggi.it\/website\/wp-json\/wp\/v2\/categories?post=14556"},{"taxonomy":"post_tag","embeddable":true,"href":"https:\/\/www.messinaoggi.it\/website\/wp-json\/wp\/v2\/tags?post=14556"}],"curies":[{"name":"wp","href":"https:\/\/api.w.org\/{rel}","templated":true}]}}