{"id":145559,"date":"2023-03-09T14:02:54","date_gmt":"2023-03-09T13:02:54","guid":{"rendered":"https:\/\/www.messinaoggi.it\/website\/2023\/03\/09\/mi-riscatto-per-palermo-i-detenuti-alla-cura-del-verde\/"},"modified":"2023-03-09T14:02:54","modified_gmt":"2023-03-09T13:02:54","slug":"mi-riscatto-per-palermo-i-detenuti-alla-cura-del-verde","status":"publish","type":"post","link":"https:\/\/www.messinaoggi.it\/website\/2023\/03\/09\/mi-riscatto-per-palermo-i-detenuti-alla-cura-del-verde\/","title":{"rendered":"\u201cMi riscatto per Palermo\u201d, i detenuti alla cura del verde"},"content":{"rendered":"<div>\n<p>PALERMO (ITALPRESS) \u2013 Il reinserimento del detenuto nel tessuto sociale passa attraverso lavori di pubblica utilit\u00e0, specialmente quando riguardano un elemento centrale di Palermo come la cura del verde: in tal senso il Comune ha firmato, insieme al Dipartimento di amministrazione penitenziaria (Dap), ai vertici ReSet e alle direzioni dei carceri Ucciardone e Pagliarelli (guidati rispettivamente da Fabio Prestopino e Francesca Vazzana) il protocollo \u2018Mi riscatto per Palerm\u00f2, che coinvolge i detenuti delle due case circondariali in mansioni socialmente utili.<br \/>Nei primi tempi saranno in venti a essere coinvolti negli impieghi previsti dal progetto, ma il numero \u00e8 destinato a salire nei prossimi mesi: ulteriore obiettivo del Comune \u00e8 cercare di coinvolgere altre aziende attraverso l\u2019attuazione di tavoli tecnici, dopo aver assegnato a ReSet il ruolo di capofila. I lavori, non retribuiti, verranno assegnati a quanti avranno superato una preselezione basata sulle abilit\u00e0 lavorative pregresse, sul tempo gi\u00e0 trascorso dietro le sbarre o sulla condotta tenuta: in un secondo momento \u00e8 possibile che si proceda su base volontaria.<br \/>\u201cSi tratta di un progetto che coniuga due aspetti importanti: impegno sociale del detenuto e contributo verso la citt\u00e0 \u2013 spiega il sindaco Roberto Lagalla, \u2013 E\u2019 un modo per recuperare queste persone come cittadini e testimoniare il loro impegno per la cura del verde in tutte le sue forme: ville antiche, alberi storici, aiuole spartitraffico\u201d. Secondo Antonella Tirrito, assessore alla Sicurezza e principale firmataria del protocollo, un\u2019ulteriore priorit\u00e0 \u00e8 \u201cabbassare la soglia della recidiva per chi commette reati, che al momento staziona sul 70%. Vogliamo favorire il reinserimento sociale e lavorativo di questi soggetti, con la consapevolezza che attraverso l\u2019impegno per Palermo sentiranno un primo distacco dalla dimensione detentiva e che questo incider\u00e0 sulle loro emozioni\u201d.<br \/>La prima parte dei lavori si svolger\u00e0 nei pressi dei carceri Ucciardone e Pagliarelli. Per il primo, spiega il direttore dei servizi ReSet Antonio Pensabene, \u201cla zona coinvolta \u00e8 quella che va dalla statua di Antonino Caponnetto al monumento ai caduti di mafia a piazza XIII Vittime, due luoghi simbolo della nostra citt\u00e0; per il Pagliarelli ci concentreremo sul perimetro della casa circondariale. Il compito di ReSet sar\u00e0 guidare queste persone nei lavori da svolgere, cos\u00ec da dividere le mansioni quasi a met\u00e0\u201d. L\u2019urgenza di intervenire in questa direzione \u00e8 data, secondo il rappresentante del Dap Vincenzo Lo Cascio, dal fatto che \u201cspesso tra questi soggetti l\u2019abitudine al lavoro manca e alle spalle hanno storie di sfortune. In tal senso cerchiamo di migliorare non solo la loro vita, ma anche la sicurezza pubblica: in pi\u00f9 assumere un soggetto svantaggiato agevola anche dal punto di vista fiscale\u201d. <div id=\"div-gpt-ad-Messinaoggi.it-DSK-300x250-corpoart\" style=\"text-align:center;margin:0 auto;\"><\/div><\/p>\n<p>\u2013 foto: xd8\/Italpress<div id=\"videoincontent\" style=\"clear:both\";><\/div><\/p>\n<p>(ITALPRESS)<\/p>\n<\/div>\n","protected":false},"excerpt":{"rendered":"<p>PALERMO (ITALPRESS) \u2013 Il reinserimento del detenuto nel tessuto sociale passa attraverso lavori di pubblica utilit\u00e0, specialmente quando riguardano un elemento centrale di Palermo come la cura del verde: in tal senso il Comune ha firmato, insieme al Dipartimento di amministrazione penitenziaria (Dap), ai vertici ReSet e alle direzioni dei carceri Ucciardone e Pagliarelli (guidati [&hellip;]<\/p>\n","protected":false},"author":18,"featured_media":145560,"comment_status":"closed","ping_status":"closed","sticky":false,"template":"","format":"standard","meta":{"ub_ctt_via":"","_mi_skip_tracking":false},"categories":[2449],"tags":[783],"featured_image_src":"https:\/\/www.messinaoggi.it\/website\/wp-content\/uploads\/2023\/03\/20230309_0764.jpg","author_info":{"display_name":"Admin","author_link":"https:\/\/www.messinaoggi.it\/website\/author\/admin\/"},"digistream_id":0,"digistream":false,"_links":{"self":[{"href":"https:\/\/www.messinaoggi.it\/website\/wp-json\/wp\/v2\/posts\/145559"}],"collection":[{"href":"https:\/\/www.messinaoggi.it\/website\/wp-json\/wp\/v2\/posts"}],"about":[{"href":"https:\/\/www.messinaoggi.it\/website\/wp-json\/wp\/v2\/types\/post"}],"author":[{"embeddable":true,"href":"https:\/\/www.messinaoggi.it\/website\/wp-json\/wp\/v2\/users\/18"}],"replies":[{"embeddable":true,"href":"https:\/\/www.messinaoggi.it\/website\/wp-json\/wp\/v2\/comments?post=145559"}],"version-history":[{"count":0,"href":"https:\/\/www.messinaoggi.it\/website\/wp-json\/wp\/v2\/posts\/145559\/revisions"}],"wp:featuredmedia":[{"embeddable":true,"href":"https:\/\/www.messinaoggi.it\/website\/wp-json\/wp\/v2\/media\/145560"}],"wp:attachment":[{"href":"https:\/\/www.messinaoggi.it\/website\/wp-json\/wp\/v2\/media?parent=145559"}],"wp:term":[{"taxonomy":"category","embeddable":true,"href":"https:\/\/www.messinaoggi.it\/website\/wp-json\/wp\/v2\/categories?post=145559"},{"taxonomy":"post_tag","embeddable":true,"href":"https:\/\/www.messinaoggi.it\/website\/wp-json\/wp\/v2\/tags?post=145559"}],"curies":[{"name":"wp","href":"https:\/\/api.w.org\/{rel}","templated":true}]}}