{"id":145542,"date":"2023-03-09T11:28:32","date_gmt":"2023-03-09T10:28:32","guid":{"rendered":"http:\/\/www.messinaoggi.it\/website\/?p=145542"},"modified":"2023-03-09T11:28:36","modified_gmt":"2023-03-09T10:28:36","slug":"anmil-messina-donne-con-disabilita-e-lavoro-dati-negativi","status":"publish","type":"post","link":"https:\/\/www.messinaoggi.it\/website\/2023\/03\/09\/anmil-messina-donne-con-disabilita-e-lavoro-dati-negativi\/","title":{"rendered":"Anmil Messina: donne con disabilit\u00e0 e lavoro, dati negativi"},"content":{"rendered":"\n<p>Donne con disabilit\u00e0 e inclusione, Anmil Messina: &#8220;Dati bassi su inclusione in generale, enti devono invertire la tendenza in Provincia&#8221;. <div id=\"div-gpt-ad-Messinaoggi.it-DSK-300x250-corpoart\" style=\"text-align:center;margin:0 auto;\"><\/div><\/p>\n\n\n\n<p>In occasione della Giornata internazionale della donna, l\u2019ANMIL territoriale di Messina presieduta da <strong>Anna Maria Paino,<\/strong> ha organizzato nella sala ovale del Comune il partecipato incontro con esperti e istituzioni su \u201cSicurezza, lavoro e inclusione di genere. Obiettivo : risvegliare l\u2019impegno collettivo per il superamento dei principali fattori di discriminazione di genere e non solo. L\u2019indipendenza e l\u2019inclusione delle donne, nel mondo del lavoro, soprattutto perch\u00e9 chi \u00e8 portatrice di disabilit\u00e0, risulta essere fortemente peggiorata negli ultimi anni e, in particolar modo, dopo la pandemia da Covid-19.<div id=\"videoincontent\" style=\"clear:both\";><\/div><\/p>\n\n\n\n<p>I lavori, coordinati dal giornalista <strong>Peppe Paino,<\/strong> sono stati aperti dal saluto del sindaco di Messina <strong>Federico Basile. <\/strong>Sono intervenuti don <strong>Sergio Siracusano <\/strong>direttore dell\u2019ufficio diocesano del lavoro; dott.ssa <strong>Ketty Lombardo<\/strong> per l\u2019Inail; l\u2019assessore ai servizi sociali <strong>Alessandra Calafiore;<\/strong> il dott. <strong>Giacomo De Francesco<\/strong>, direttore dell\u2019ufficio provinale del lavoro; la dott.ssa <strong>Rosalba Ristagno<\/strong> per l\u2019ordine dei medici e la prof.ssa <strong>Matilde Caruso <\/strong>del Comprensivo Minutoli \u2013 Cuppari- Quasimodo. La presidente territoriale , Annamaria Paino, nel suo toccante intervento ha ricordato il dramma di lavoratrice infortunata al nord e penalizzata nelle mansioni di lavoro.<\/p>\n\n\n\n<figure class=\"wp-block-image size-large\"><img loading=\"lazy\" width=\"1024\" height=\"735\" src=\"http:\/\/www.messinaoggi.it\/website\/wp-content\/uploads\/2023\/03\/Anmil-Messina-donne-con-disabilita-2-1024x735.jpeg\" alt=\"Anmil Messina: donne con disabilit\u00e0\" class=\"wp-image-145544\" srcset=\"https:\/\/www.messinaoggi.it\/website\/wp-content\/uploads\/2023\/03\/Anmil-Messina-donne-con-disabilita-2-1024x735.jpeg 1024w, https:\/\/www.messinaoggi.it\/website\/wp-content\/uploads\/2023\/03\/Anmil-Messina-donne-con-disabilita-2-300x215.jpeg 300w, https:\/\/www.messinaoggi.it\/website\/wp-content\/uploads\/2023\/03\/Anmil-Messina-donne-con-disabilita-2-768x551.jpeg 768w, https:\/\/www.messinaoggi.it\/website\/wp-content\/uploads\/2023\/03\/Anmil-Messina-donne-con-disabilita-2-1536x1103.jpeg 1536w, https:\/\/www.messinaoggi.it\/website\/wp-content\/uploads\/2023\/03\/Anmil-Messina-donne-con-disabilita-2.jpeg 2000w\" sizes=\"(max-width: 1024px) 100vw, 1024px\" \/><\/figure>\n\n\n\n<h2>Anmil Messina: donne con disabilit\u00e0 e inclusione. &#8220;Serve maggiore sicurezza sul lavoro&#8221;.<\/h2>\n\n\n\n<p>\u201cNecessita una prevenzione pi\u00f9 incisiva sulla sicurezza\u201d ha dichiarato <strong>Salvatore Malaponti, <\/strong>consigliere nazionale ANMIL. \u201cCos\u00ec come viene fatta \u00e8 solo un adempimento burocratico e nulla arriva sulle fabbriche o sugli ambienti di lavoro in genere. Bisogna attuare concretamente la legge 81\/08, testo unico sulla sicurezza. La forza ispettiva a livello nazionale ha fatto registrare un sensibile miglioramento ma vanno migliorati anche, e soprattutto, i dati sull\u2019inclusione di genere e non che restano purtroppo mediamente bassi e occorre che gli enti si adoperino per questo nelle assunzioni\u201d.<\/p>\n\n\n\n<p>E c\u2019\u00e8 molto da fare a livello locale come ricorda <strong>Antonino Capuozzo, <\/strong>presidente di Anmil Sicilia.<\/p>\n\n\n\n<p><br>\u201cNel 2022 la Sicilia ha fatto registrare il triste primato negli incidenti mortali e in quelli sul lavoro. Eppure si continua a lavorare senza rispettare la legge . Bisogna trovare il coraggio di denunciare. E bisogna potenziare i controlli in provincia come alle Eolie dove, peraltro, alcune categorie professionali negli anni sono state abbandonate. L\u2019Anmil &#8211; ha concluso il presidente Capuozzo- grazie al lavoro della presidente territoriale Annamaria Paino sta rilanciando il proprio ruolo nel comprensorio messinese e c\u2019\u00e8 la volont\u00e0 di aprire una propria delegazione anche a Lipari\u201d.<\/p>\n","protected":false},"excerpt":{"rendered":"<p>Donne con disabilit\u00e0 e inclusione, Anmil Messina: &#8220;Dati bassi su inclusione in generale, enti devono invertire la tendenza in Provincia&#8221;. In occasione della Giornata internazionale della donna, l\u2019ANMIL territoriale di Messina presieduta da Anna Maria Paino, ha organizzato nella sala ovale del Comune il partecipato incontro con esperti e istituzioni su \u201cSicurezza, lavoro e inclusione [&hellip;]<\/p>\n","protected":false},"author":15,"featured_media":145544,"comment_status":"open","ping_status":"open","sticky":false,"template":"","format":"standard","meta":{"ub_ctt_via":"","_mi_skip_tracking":false},"categories":[5,1],"tags":[6981,2014,2395,6983,6982,5422,1513],"featured_image_src":"https:\/\/www.messinaoggi.it\/website\/wp-content\/uploads\/2023\/03\/Anmil-Messina-donne-con-disabilita-2.jpeg","author_info":{"display_name":"red.me","author_link":"https:\/\/www.messinaoggi.it\/website\/author\/red-me\/"},"digistream_id":0,"digistream":false,"_links":{"self":[{"href":"https:\/\/www.messinaoggi.it\/website\/wp-json\/wp\/v2\/posts\/145542"}],"collection":[{"href":"https:\/\/www.messinaoggi.it\/website\/wp-json\/wp\/v2\/posts"}],"about":[{"href":"https:\/\/www.messinaoggi.it\/website\/wp-json\/wp\/v2\/types\/post"}],"author":[{"embeddable":true,"href":"https:\/\/www.messinaoggi.it\/website\/wp-json\/wp\/v2\/users\/15"}],"replies":[{"embeddable":true,"href":"https:\/\/www.messinaoggi.it\/website\/wp-json\/wp\/v2\/comments?post=145542"}],"version-history":[{"count":2,"href":"https:\/\/www.messinaoggi.it\/website\/wp-json\/wp\/v2\/posts\/145542\/revisions"}],"predecessor-version":[{"id":145546,"href":"https:\/\/www.messinaoggi.it\/website\/wp-json\/wp\/v2\/posts\/145542\/revisions\/145546"}],"wp:featuredmedia":[{"embeddable":true,"href":"https:\/\/www.messinaoggi.it\/website\/wp-json\/wp\/v2\/media\/145544"}],"wp:attachment":[{"href":"https:\/\/www.messinaoggi.it\/website\/wp-json\/wp\/v2\/media?parent=145542"}],"wp:term":[{"taxonomy":"category","embeddable":true,"href":"https:\/\/www.messinaoggi.it\/website\/wp-json\/wp\/v2\/categories?post=145542"},{"taxonomy":"post_tag","embeddable":true,"href":"https:\/\/www.messinaoggi.it\/website\/wp-json\/wp\/v2\/tags?post=145542"}],"curies":[{"name":"wp","href":"https:\/\/api.w.org\/{rel}","templated":true}]}}