{"id":145425,"date":"2023-03-09T00:47:50","date_gmt":"2023-03-08T23:47:50","guid":{"rendered":"https:\/\/www.messinaoggi.it\/website\/2023\/03\/08\/covid-in-sicilia-1361-contagi-e-diminuiscono-ospedalizzazioni\/"},"modified":"2023-03-09T09:04:17","modified_gmt":"2023-03-09T08:04:17","slug":"covid-in-sicilia-1361-contagi-e-diminuiscono-ospedalizzazioni","status":"publish","type":"post","link":"https:\/\/www.messinaoggi.it\/website\/2023\/03\/09\/covid-in-sicilia-1361-contagi-e-diminuiscono-ospedalizzazioni\/","title":{"rendered":"Covid, in Sicilia -13,61% contagi e diminuiscono ospedalizzazioni"},"content":{"rendered":"<div>\n<p>PALERMO (ITALPRESS) \u2013 Infezioni da Covid-19 in netto decremento in Sicilia, in linea con la tendenza nazionale. Nella settimana dal 27 febbraio al 5 marzo 2023 nell\u2019Isola sono stati rilevati, attraverso i test antigenici o molecolari, 1200 nuovi positivi, il 13,61% in meno rispetto ai sette giorni precedenti. L\u2019incidenza media \u00e8 di 25 casi per 100.000 abitanti. Tassi pi\u00f9 elevati si sono registrati solo nelle province di Agrigento (35\/100.000 abitanti), Trapani (35\/100.000) e Palermo (30\/100.000). Le fasce d\u2019et\u00e0 maggiormente a rischio sono quelle degli over 90 (62\/100.000 abitanti), tra gli 80 e gli 89 anni (47\/100.000) e tra i 70 e i 79 anni (36\/100.000).<br \/>I dati sono riportati nell\u2019ultimo bollettino settimanale a cura del Dasoe, il dipartimento per le Attivit\u00e0 sanitarie e osservatorio epidemiologico dell\u2019assessorato della Salute della Regione Siciliana.<br \/>Le nuove ospedalizzazioni sono in diminuzione, sebbene la diffusione dei contagi pregressi si rifletta ancora su una prevalenza di ricoverati con concomitante positivit\u00e0 da Covid. Pi\u00f9 di met\u00e0 dei pazienti in ospedale nella settimana di riferimento risultano non vaccinati. <br \/>Per quanto riguarda i vaccini, i dati sono aggiornati al 7 marzo. Nel target 5-11 anni, i vaccinati con almeno una dose si attestano al 23,29% del target regionale; mentre 61.708 bambini, pari al 20,02%, hanno completato il ciclo primario di vaccinazione. Nel target over 12 anni, i soggetti che hanno ricevuto almeno una dose sono il 91%, l\u201989,62% ha completato il ciclo primario, mentre il 9% \u00e8 ancora da vaccinare.<br \/>I cittadini che non hanno effettuato la terza dose, pur avendo maturato il diritto a riceverla, sono ancora 1.120.656. I vaccinati con dose aggiuntiva\/booster sono 2.774.016, pari al 71,23% degli aventi diritto, incluso il target 5-11 anni. Le somministrazioni di quarta dose sono 242.836, delle quali 213.604 a soggetti over 60. Le quinte dosi somministrate risultano complessivamente 9.872. <div id=\"div-gpt-ad-Messinaoggi.it-DSK-300x250-corpoart\" style=\"text-align:center;margin:0 auto;\"><\/div><\/p>\n<p>\u2013 foto: agenziafotogramma.it <br \/>(ITALPRESS).<div id=\"videoincontent\" style=\"clear:both\";><\/div><\/p>\n<\/div>\n","protected":false},"excerpt":{"rendered":"<p>PALERMO (ITALPRESS) \u2013 Infezioni da Covid-19 in netto decremento in Sicilia, in linea con la tendenza nazionale. Nella settimana dal 27 febbraio al 5 marzo 2023 nell\u2019Isola sono stati rilevati, attraverso i test antigenici o molecolari, 1200 nuovi positivi, il 13,61% in meno rispetto ai sette giorni precedenti. L\u2019incidenza media \u00e8 di 25 casi per [&hellip;]<\/p>\n","protected":false},"author":18,"featured_media":145426,"comment_status":"closed","ping_status":"closed","sticky":false,"template":"","format":"standard","meta":{"ub_ctt_via":"","_mi_skip_tracking":false},"categories":[19,2449],"tags":[783],"featured_image_src":"https:\/\/www.messinaoggi.it\/website\/wp-content\/uploads\/2023\/03\/20230308_2375.jpg","author_info":{"display_name":"Admin","author_link":"https:\/\/www.messinaoggi.it\/website\/author\/admin\/"},"digistream_id":0,"digistream":false,"_links":{"self":[{"href":"https:\/\/www.messinaoggi.it\/website\/wp-json\/wp\/v2\/posts\/145425"}],"collection":[{"href":"https:\/\/www.messinaoggi.it\/website\/wp-json\/wp\/v2\/posts"}],"about":[{"href":"https:\/\/www.messinaoggi.it\/website\/wp-json\/wp\/v2\/types\/post"}],"author":[{"embeddable":true,"href":"https:\/\/www.messinaoggi.it\/website\/wp-json\/wp\/v2\/users\/18"}],"replies":[{"embeddable":true,"href":"https:\/\/www.messinaoggi.it\/website\/wp-json\/wp\/v2\/comments?post=145425"}],"version-history":[{"count":1,"href":"https:\/\/www.messinaoggi.it\/website\/wp-json\/wp\/v2\/posts\/145425\/revisions"}],"predecessor-version":[{"id":145480,"href":"https:\/\/www.messinaoggi.it\/website\/wp-json\/wp\/v2\/posts\/145425\/revisions\/145480"}],"wp:featuredmedia":[{"embeddable":true,"href":"https:\/\/www.messinaoggi.it\/website\/wp-json\/wp\/v2\/media\/145426"}],"wp:attachment":[{"href":"https:\/\/www.messinaoggi.it\/website\/wp-json\/wp\/v2\/media?parent=145425"}],"wp:term":[{"taxonomy":"category","embeddable":true,"href":"https:\/\/www.messinaoggi.it\/website\/wp-json\/wp\/v2\/categories?post=145425"},{"taxonomy":"post_tag","embeddable":true,"href":"https:\/\/www.messinaoggi.it\/website\/wp-json\/wp\/v2\/tags?post=145425"}],"curies":[{"name":"wp","href":"https:\/\/api.w.org\/{rel}","templated":true}]}}