{"id":145418,"date":"2023-03-08T17:51:14","date_gmt":"2023-03-08T16:51:14","guid":{"rendered":"http:\/\/www.messinaoggi.it\/website\/?p=145418"},"modified":"2023-03-08T17:52:52","modified_gmt":"2023-03-08T16:52:52","slug":"pronto-soccorso-siciliani-commissione-ad-antonio-de-luca","status":"publish","type":"post","link":"https:\/\/www.messinaoggi.it\/website\/2023\/03\/08\/pronto-soccorso-siciliani-commissione-ad-antonio-de-luca\/","title":{"rendered":"Pronto soccorso siciliani: Commissione ad Antonio De Luca"},"content":{"rendered":"\n<p><strong>Pronto soccorso siciliani: Commissione al messinese Antonio De Luca. <\/strong>\u00c8 stata istituita all&#8217;Ars la sottocommissione speciale sui pronto soccorso siciliani. La proposta, lanciata nei giorni scorsi dal M5S, \u00e8 stata accolta dalla commissione Salute di palazzo dei Normanni, che oggi ha dato il via libera al nuovo organismo parlamentare, la cui presidenza \u00e8 stata affidata, con votazione unanime, al capogruppo M5S <strong>Antonio De Luca.<\/strong><div id=\"div-gpt-ad-Messinaoggi.it-DSK-300x250-corpoart\" style=\"text-align:center;margin:0 auto;\"><\/div><\/p>\n\n\n\n<h2>Pronto soccorso siciliani: una commissione apposita. &#8220;Situazione al collasso&#8221;.<\/h2>\n\n\n\n<p>\u201cLa situazione nelle aree di emergenza \u2013 dicono il presidente della commissione salute <strong>Giuseppe Laccoto <\/strong>e<strong> Antonio De Luca<\/strong> &#8211; \u00e8 al collasso: carenza di personale, attese lunghissime, accessi impropri e aggressioni a medici e infermieri stanno facendo dei pronto soccorso delle polveriere. Se non si interviene al pi\u00f9 presto con soluzioni strutturali e non con i soliti pannicelli caldi che servono poco e nulla sar\u00e0 il caos. La nostra azione mira a studiare possibili soluzioni e per questo \u00e8 fondamentale l&#8217;apporto di tutti gli operatori del settore e delle sigle sindacali per cercare stilare assieme una road map degli interventi urgenti da suggerire al governo\u201d.<div id=\"videoincontent\" style=\"clear:both\";><\/div><\/p>\n\n\n\n<p><br>Della sottocommissione faranno parte, oltre ad Antonio De Luca,<strong> Giuseppe Zitelli (FdI), Carmelo Pace (Dc), Giovanni Burtone (Pd), Margherita La Rocca Ruvolo (FI), Ludovico Balsamo (Sud chiama Nord), Giuseppe Geremia Lombardo(Mpa).<\/strong><\/p>\n","protected":false},"excerpt":{"rendered":"<p>Pronto soccorso siciliani: Commissione al messinese Antonio De Luca. \u00c8 stata istituita all&#8217;Ars la sottocommissione speciale sui pronto soccorso siciliani. La proposta, lanciata nei giorni scorsi dal M5S, \u00e8 stata accolta dalla commissione Salute di palazzo dei Normanni, che oggi ha dato il via libera al nuovo organismo parlamentare, la cui presidenza \u00e8 stata affidata, [&hellip;]<\/p>\n","protected":false},"author":15,"featured_media":145420,"comment_status":"open","ping_status":"open","sticky":false,"template":"","format":"standard","meta":{"ub_ctt_via":"","_mi_skip_tracking":false},"categories":[6],"tags":[1113,601,5341,6969,811,6968],"featured_image_src":"https:\/\/www.messinaoggi.it\/website\/wp-content\/uploads\/2023\/03\/Antonio-De-Luca-2.jpeg","author_info":{"display_name":"red.me","author_link":"https:\/\/www.messinaoggi.it\/website\/author\/red-me\/"},"digistream_id":0,"digistream":false,"_links":{"self":[{"href":"https:\/\/www.messinaoggi.it\/website\/wp-json\/wp\/v2\/posts\/145418"}],"collection":[{"href":"https:\/\/www.messinaoggi.it\/website\/wp-json\/wp\/v2\/posts"}],"about":[{"href":"https:\/\/www.messinaoggi.it\/website\/wp-json\/wp\/v2\/types\/post"}],"author":[{"embeddable":true,"href":"https:\/\/www.messinaoggi.it\/website\/wp-json\/wp\/v2\/users\/15"}],"replies":[{"embeddable":true,"href":"https:\/\/www.messinaoggi.it\/website\/wp-json\/wp\/v2\/comments?post=145418"}],"version-history":[{"count":1,"href":"https:\/\/www.messinaoggi.it\/website\/wp-json\/wp\/v2\/posts\/145418\/revisions"}],"predecessor-version":[{"id":145419,"href":"https:\/\/www.messinaoggi.it\/website\/wp-json\/wp\/v2\/posts\/145418\/revisions\/145419"}],"wp:featuredmedia":[{"embeddable":true,"href":"https:\/\/www.messinaoggi.it\/website\/wp-json\/wp\/v2\/media\/145420"}],"wp:attachment":[{"href":"https:\/\/www.messinaoggi.it\/website\/wp-json\/wp\/v2\/media?parent=145418"}],"wp:term":[{"taxonomy":"category","embeddable":true,"href":"https:\/\/www.messinaoggi.it\/website\/wp-json\/wp\/v2\/categories?post=145418"},{"taxonomy":"post_tag","embeddable":true,"href":"https:\/\/www.messinaoggi.it\/website\/wp-json\/wp\/v2\/tags?post=145418"}],"curies":[{"name":"wp","href":"https:\/\/api.w.org\/{rel}","templated":true}]}}