{"id":145370,"date":"2023-03-08T14:48:05","date_gmt":"2023-03-08T13:48:05","guid":{"rendered":"https:\/\/www.messinaoggi.it\/website\/2023\/03\/08\/accordo-tra-anci-sicilia-e-informagiovani-per-la-partecipazione-ai-programmi-europei\/"},"modified":"2023-03-08T14:48:05","modified_gmt":"2023-03-08T13:48:05","slug":"accordo-tra-anci-sicilia-e-informagiovani-per-la-partecipazione-ai-programmi-europei","status":"publish","type":"post","link":"https:\/\/www.messinaoggi.it\/website\/2023\/03\/08\/accordo-tra-anci-sicilia-e-informagiovani-per-la-partecipazione-ai-programmi-europei\/","title":{"rendered":"Accordo tra Anci Sicilia e InformaGiovani per la partecipazione ai programmi europei"},"content":{"rendered":"<div>\n<p>PALERMO (ITALPRESS) \u2013 Nel corso dell\u2019assemblea di ANCI Sicilia Giovani, che si \u00e8 tenuta a Palazzo dei Normanni a Palermo e che ha coinvolto tutti i giovani amministratori locali siciliani, \u00e8 stato sottoscritto un protocollo d\u2019intesa fra l\u2019Associazione dei Comuni siciliani e InformaGiovani, Centro della Rete europea Eurodesk.<br \/>L\u2019accordo permetter\u00e0 ai Comuni siciliani di accedere ai servizi di informazione, formazione e supporto per la partecipazione ai programmi europei per i giovani, la mobilit\u00e0 educativa e la cittadinanza attiva.<br \/>Eurodesk \u00e8 la Rete ufficiale del Programma Erasmus+ che ha come proprio obiettivo proprio quello di far conoscere e favorire la partecipazione dei giovani ai programmi comunitari.<br \/>Per il presidente di ANCI Sicilia, il sindaco Paolo Amenta, e per il segretario generale dell\u2019Associazione, Mario Alvano, \u201cla sottoscrizione del protocollo d\u2019intesa per ANCI Sicilia rappresenta un ulteriore tassello in un percorso che vuole realizzare un maggior coinvolgimento dei Comuni siciliani nei progetti finanziati con risorse europee, nazionali e regionali. Crediamo che i Comuni possano attivare molte pi\u00f9 misure rispetto all\u2019attuale fase anche grazie alla collaborazione con le Associazioni e le strutture che si occupano di questo<br \/>Siamo particolarmente attenti ai programmi come Erasmus+ o il Corpo Europeo di Solidariet\u00e0 che coinvolgono i giovani su attivit\u00e0 legate alla partecipazione, alla formazione e allo sport, ed \u00e8 nostra intenzione prevedere ulteriori momenti di coinvolgimento dei Comuni sulle opportunit\u00e0 che si presenteranno nei prossimi mesi\u201d.<br \/>Per Pietro Galluccio, referente di Eurodesk Palermo \u201cquesto accordo rappresenta un momento importante affinch\u00e8 i giovani siciliani ed in generale le nostre comunit\u00e0 locali possano pi\u00f9 facilmente accedere tramite le amministrazioni comunali alle tante opportunit\u00e0 offerte dall\u2019Europa, attraverso un supporto qualificato e momenti di formazione ad-hoc\u201d.<br \/>foto ufficio stampa Anci Sicilia<br \/>(ITALPRESS).<div id=\"div-gpt-ad-Messinaoggi.it-DSK-300x250-corpoart\" style=\"text-align:center;margin:0 auto;\"><\/div><\/p>\n<\/div>\n<div id=\"videoincontent\" style=\"clear:both\";><\/div>","protected":false},"excerpt":{"rendered":"<p>PALERMO (ITALPRESS) \u2013 Nel corso dell\u2019assemblea di ANCI Sicilia Giovani, che si \u00e8 tenuta a Palazzo dei Normanni a Palermo e che ha coinvolto tutti i giovani amministratori locali siciliani, \u00e8 stato sottoscritto un protocollo d\u2019intesa fra l\u2019Associazione dei Comuni siciliani e InformaGiovani, Centro della Rete europea Eurodesk.L\u2019accordo permetter\u00e0 ai Comuni siciliani di accedere ai [&hellip;]<\/p>\n","protected":false},"author":18,"featured_media":145371,"comment_status":"closed","ping_status":"closed","sticky":false,"template":"","format":"standard","meta":{"ub_ctt_via":"","_mi_skip_tracking":false},"categories":[2449],"tags":[783],"featured_image_src":"https:\/\/www.messinaoggi.it\/website\/wp-content\/uploads\/2023\/03\/20230308_0957.jpg","author_info":{"display_name":"Admin","author_link":"https:\/\/www.messinaoggi.it\/website\/author\/admin\/"},"digistream_id":0,"digistream":false,"_links":{"self":[{"href":"https:\/\/www.messinaoggi.it\/website\/wp-json\/wp\/v2\/posts\/145370"}],"collection":[{"href":"https:\/\/www.messinaoggi.it\/website\/wp-json\/wp\/v2\/posts"}],"about":[{"href":"https:\/\/www.messinaoggi.it\/website\/wp-json\/wp\/v2\/types\/post"}],"author":[{"embeddable":true,"href":"https:\/\/www.messinaoggi.it\/website\/wp-json\/wp\/v2\/users\/18"}],"replies":[{"embeddable":true,"href":"https:\/\/www.messinaoggi.it\/website\/wp-json\/wp\/v2\/comments?post=145370"}],"version-history":[{"count":0,"href":"https:\/\/www.messinaoggi.it\/website\/wp-json\/wp\/v2\/posts\/145370\/revisions"}],"wp:featuredmedia":[{"embeddable":true,"href":"https:\/\/www.messinaoggi.it\/website\/wp-json\/wp\/v2\/media\/145371"}],"wp:attachment":[{"href":"https:\/\/www.messinaoggi.it\/website\/wp-json\/wp\/v2\/media?parent=145370"}],"wp:term":[{"taxonomy":"category","embeddable":true,"href":"https:\/\/www.messinaoggi.it\/website\/wp-json\/wp\/v2\/categories?post=145370"},{"taxonomy":"post_tag","embeddable":true,"href":"https:\/\/www.messinaoggi.it\/website\/wp-json\/wp\/v2\/tags?post=145370"}],"curies":[{"name":"wp","href":"https:\/\/api.w.org\/{rel}","templated":true}]}}