{"id":145325,"date":"2023-03-08T11:45:06","date_gmt":"2023-03-08T10:45:06","guid":{"rendered":"http:\/\/www.messinaoggi.it\/website\/?p=145325"},"modified":"2023-03-08T11:45:06","modified_gmt":"2023-03-08T10:45:06","slug":"donne-unime-inaugura-la-sua-prima-stanza-rosa","status":"publish","type":"post","link":"https:\/\/www.messinaoggi.it\/website\/2023\/03\/08\/donne-unime-inaugura-la-sua-prima-stanza-rosa\/","title":{"rendered":"Donne, Unime inaugura la sua prima stanza rosa"},"content":{"rendered":"\n<p>In occasione della festa delle donne, l&#8217;Universit\u00e0 di Messina d\u00e0 un contributo concreto a favore delle neomamme. \u00c8 stata infatti inaugurata, presso l\u2019edificio G (piano terra) del Polo centrale, la prima Stanza rosa dell\u2019Universit\u00e0 di Messina. La Stanza rosa offrir\u00e0\u00a0un\u00a0ambiente confortevole entro cui le neomamme potranno allattare e conciliare i tempi di studio o lavoro con quelli della vita in famiglia. Lo spazio \u00e8 stato dotato\u00a0di\u00a0fasciatoio, poltrona relax, giochi, libri illustrati e arredi che potranno essere fruiti anche dai bambini un po\u2019 pi\u00f9 grandi che accompagnano i genitori al lavoro o alle lezioni.\u00a0Altre Stanze rosa verranno, successivamente, dislocate all\u2019interno degli altri Poli universitari.<div id=\"div-gpt-ad-Messinaoggi.it-DSK-300x250-corpoart\" style=\"text-align:center;margin:0 auto;\"><\/div><\/p>\n\n\n\n<p>Insieme alla professoressa Giovanna Spatari, Prorettrice al Welfare e Politiche di genere dell\u2019Ateneo peloritano, al taglio del nastro erano presenti anche il Rettore, professor Salvatore Cuzzocrea, il Prorettore Vicario, professor Giovanni Moschella, il Prorettore agli Affari Generali, professor Luigi Chiara, la Prorettrice ai Servizi agli studenti, professoressa Roberta Salomone, il Prorettore all\u2019Internazionalizzazione, professor Antonino German\u00e0, la Delegata alle Iniziative di Ateneo per la premialit\u00e0 degli studenti, professoressa Tindara Abbate, il Direttore Generale, avvocato Francesco Bonanno, il Prefetto di Messina, dottoressa Cosima Di Stani, il Questore di Messina, dottoressa Gabriella Ioppolo, e l\u2019Assessore alle Politiche sociali del Comune di Messina, avvocato Alessandra Calafiore.     <div id=\"videoincontent\" style=\"clear:both\";><\/div><\/p>\n\n\n\n<p>\u201cCi vorrebbero tantissime mani \u2013 ha commentato la professoressa Spatari \u2013 per tagliare il nastro della nostra prima Stanza rosa. Sono state moltissime le persone che hanno contribuito alla sua realizzazione, con spirito costruttivo e abnegazione. Desidero, innanzitutto, ringraziare la governance d\u2019Ateneo per il supporto, la prof.ssa Tindara Abbate, che ha proposto l\u2019iniziativa, ed il gruppo LeTSGEPs che l\u2019ha sollecitata. Un grazie va, anche, a tutte le colleghe e dipendenti dell\u2019Universit\u00e0 di Messina che hanno collaborato all\u2019allestimento della stanza, alla veste grafica della targa esposta e, pi\u00f9 in generale, al buon esito del progetto. \u00c8, inoltre, significativo che l\u2019inaugurazione della Stanza rosa avvenga proprio l\u20198 marzo, poich\u00e9 in Sicilia il tasso di occupazione femminile \u00e8 molto basso e, attualmente, la nostra Regione \u00e8 fanalino di coda in questa classifica, con solamente il 30% delle donne occupate. Tutti noi di UniMe speriamo che l\u2019evento di oggi possa fungere da piccolo supporto alla genitorialit\u00e0, tema sul quale l\u2019Ateneo \u00e8 sensibile ed impegnato con altre attivit\u00e0. Penso, ad esempio, all\u2019assegno di ricerca al quale possono accedere le ricercatrici che stanno vivendo il periodo della gravidanza e desiderano proseguire il loro lavoro\u201d.<\/p>\n","protected":false},"excerpt":{"rendered":"<p>In occasione della festa delle donne, l&#8217;Universit\u00e0 di Messina d\u00e0 un contributo concreto a favore delle neomamme. \u00c8 stata infatti inaugurata, presso l\u2019edificio G (piano terra) del Polo centrale, la prima Stanza rosa dell\u2019Universit\u00e0 di Messina. La Stanza rosa offrir\u00e0\u00a0un\u00a0ambiente confortevole entro cui le neomamme potranno allattare e conciliare i tempi di studio o lavoro [&hellip;]<\/p>\n","protected":false},"author":8,"featured_media":145327,"comment_status":"open","ping_status":"open","sticky":false,"template":"","format":"standard","meta":{"ub_ctt_via":"","_mi_skip_tracking":false},"categories":[5],"tags":[6958,814],"featured_image_src":"https:\/\/www.messinaoggi.it\/website\/wp-content\/uploads\/2023\/03\/DSC_1773-scaled.jpg","author_info":{"display_name":"red..me","author_link":"https:\/\/www.messinaoggi.it\/website\/author\/redstage\/"},"digistream_id":0,"digistream":false,"_links":{"self":[{"href":"https:\/\/www.messinaoggi.it\/website\/wp-json\/wp\/v2\/posts\/145325"}],"collection":[{"href":"https:\/\/www.messinaoggi.it\/website\/wp-json\/wp\/v2\/posts"}],"about":[{"href":"https:\/\/www.messinaoggi.it\/website\/wp-json\/wp\/v2\/types\/post"}],"author":[{"embeddable":true,"href":"https:\/\/www.messinaoggi.it\/website\/wp-json\/wp\/v2\/users\/8"}],"replies":[{"embeddable":true,"href":"https:\/\/www.messinaoggi.it\/website\/wp-json\/wp\/v2\/comments?post=145325"}],"version-history":[{"count":1,"href":"https:\/\/www.messinaoggi.it\/website\/wp-json\/wp\/v2\/posts\/145325\/revisions"}],"predecessor-version":[{"id":145329,"href":"https:\/\/www.messinaoggi.it\/website\/wp-json\/wp\/v2\/posts\/145325\/revisions\/145329"}],"wp:featuredmedia":[{"embeddable":true,"href":"https:\/\/www.messinaoggi.it\/website\/wp-json\/wp\/v2\/media\/145327"}],"wp:attachment":[{"href":"https:\/\/www.messinaoggi.it\/website\/wp-json\/wp\/v2\/media?parent=145325"}],"wp:term":[{"taxonomy":"category","embeddable":true,"href":"https:\/\/www.messinaoggi.it\/website\/wp-json\/wp\/v2\/categories?post=145325"},{"taxonomy":"post_tag","embeddable":true,"href":"https:\/\/www.messinaoggi.it\/website\/wp-json\/wp\/v2\/tags?post=145325"}],"curies":[{"name":"wp","href":"https:\/\/api.w.org\/{rel}","templated":true}]}}