{"id":145293,"date":"2023-03-08T09:05:24","date_gmt":"2023-03-08T08:05:24","guid":{"rendered":"http:\/\/www.messinaoggi.it\/website\/?p=145293"},"modified":"2023-03-08T09:21:36","modified_gmt":"2023-03-08T08:21:36","slug":"bimba-aggredita-da-pitbull-e-in-coma-farmacologico","status":"publish","type":"post","link":"https:\/\/www.messinaoggi.it\/website\/2023\/03\/08\/bimba-aggredita-da-pitbull-e-in-coma-farmacologico\/","title":{"rendered":"Bimba aggredita da pitbull: \u00e8 in coma farmacologico"},"content":{"rendered":"\n<p>Si teme ancora per la vita della bimba di Rod\u00ec Milici rimasta gravemente ferita da un pitbull nella sera di luned\u00ec scorso. Le condizioni della piccola, infatti, continuano a rimanere gravi, tali da spingere i medici che la stanno seguendo a indurle il coma farmacologico. I parametri vitali della bimba sono costantemente monitorati dai medici.<div id=\"div-gpt-ad-Messinaoggi.it-DSK-300x250-corpoart\" style=\"text-align:center;margin:0 auto;\"><\/div><\/p>\n\n\n\n<p><strong>Cosa \u00e8 successo.<\/strong> Intorno alle 19 di luned\u00ec 6 marzo a Rod\u00ec Milici una bambina di 3 anni \u00e8 rimasta gravemente ferita da un cane di razza pitbull, di propriet\u00e0 di uno dei suoi parenti. Il pitbull si \u00e8 avventato sulla piccola, azzannandole la testa. Le gravi ferite riportate hanno spinto gli operatori di primo soccorso a chiamare un elisoccorso per trasportare tempestivamente la bambina al Policlinico di Messina. L\u00ec \u00e8 arrivata in codice rosso, dove \u00e8 stata sottoposta a un intervento d&#8217;urgenza. L&#8217;intervento \u00e8 durato diverse ore e ha visto il coinvolgimento di una squadra di medici formata da un neurochirurgo, un oculista e un otorino. Adesso alla piccola \u00e8 stato indotto il coma farmacologico e si trova sotto costante osservazione da parte dei medici.<div id=\"videoincontent\" style=\"clear:both\";><\/div><\/p>\n\n\n\n<p>Stando a quanto riportato dalla Gazzetta del Sud, il cane era di propriet\u00e0 di uno zio della bambina. Non \u00e8 chiaro se l&#8217;incidente sia avvenuto a casa della piccola o in un&#8217;altra abitazione. In ogni caso, pare che il cane fosse stato temporaneamente lasciato fuori nel balcone di casa per via della presenza della bambina. I continui abbai del cane, per\u00f2, avrebbero spinto uno dei nonni ad aprire l&#8217;anta della finestra per accarezzare il cane, nella speranza di calmarlo. Questo sarebbe stato l&#8217;istante in cui il cane \u00e8 sfuggito dal controllo degli adulti, azzannando la povera malcapitata. Invano il tentativo del nonno di impedire che il pitbull rientrasse dal balcone. Il cane non solo sarebbe sfuggito dal controllo del nonno, ma lo avrebbe anche ferito.<\/p>\n","protected":false},"excerpt":{"rendered":"<p>Si teme ancora per la vita della bimba di Rod\u00ec Milici rimasta gravemente ferita da un pitbull nella sera di luned\u00ec scorso. Le condizioni della piccola, infatti, continuano a rimanere gravi, tali da spingere i medici che la stanno seguendo a indurle il coma farmacologico. I parametri vitali della bimba sono costantemente monitorati dai medici. [&hellip;]<\/p>\n","protected":false},"author":8,"featured_media":145309,"comment_status":"open","ping_status":"open","sticky":false,"template":"","format":"standard","meta":{"ub_ctt_via":"","_mi_skip_tracking":false},"categories":[19],"tags":[1314,6955,6935,2724],"featured_image_src":"https:\/\/www.messinaoggi.it\/website\/wp-content\/uploads\/2023\/03\/pitbull.jpg","author_info":{"display_name":"red..me","author_link":"https:\/\/www.messinaoggi.it\/website\/author\/redstage\/"},"digistream_id":0,"digistream":false,"_links":{"self":[{"href":"https:\/\/www.messinaoggi.it\/website\/wp-json\/wp\/v2\/posts\/145293"}],"collection":[{"href":"https:\/\/www.messinaoggi.it\/website\/wp-json\/wp\/v2\/posts"}],"about":[{"href":"https:\/\/www.messinaoggi.it\/website\/wp-json\/wp\/v2\/types\/post"}],"author":[{"embeddable":true,"href":"https:\/\/www.messinaoggi.it\/website\/wp-json\/wp\/v2\/users\/8"}],"replies":[{"embeddable":true,"href":"https:\/\/www.messinaoggi.it\/website\/wp-json\/wp\/v2\/comments?post=145293"}],"version-history":[{"count":5,"href":"https:\/\/www.messinaoggi.it\/website\/wp-json\/wp\/v2\/posts\/145293\/revisions"}],"predecessor-version":[{"id":145317,"href":"https:\/\/www.messinaoggi.it\/website\/wp-json\/wp\/v2\/posts\/145293\/revisions\/145317"}],"wp:featuredmedia":[{"embeddable":true,"href":"https:\/\/www.messinaoggi.it\/website\/wp-json\/wp\/v2\/media\/145309"}],"wp:attachment":[{"href":"https:\/\/www.messinaoggi.it\/website\/wp-json\/wp\/v2\/media?parent=145293"}],"wp:term":[{"taxonomy":"category","embeddable":true,"href":"https:\/\/www.messinaoggi.it\/website\/wp-json\/wp\/v2\/categories?post=145293"},{"taxonomy":"post_tag","embeddable":true,"href":"https:\/\/www.messinaoggi.it\/website\/wp-json\/wp\/v2\/tags?post=145293"}],"curies":[{"name":"wp","href":"https:\/\/api.w.org\/{rel}","templated":true}]}}