{"id":14518,"date":"2018-01-19T16:09:18","date_gmt":"2018-01-19T15:09:18","guid":{"rendered":"http:\/\/www.messinaoggi.it\/website\/?p=14518"},"modified":"2018-01-19T16:09:18","modified_gmt":"2018-01-19T15:09:18","slug":"verso-le-politiche-siracusano-vi-spiego-la-mia-scelta-con-liberi-e-uguali","status":"publish","type":"post","link":"https:\/\/www.messinaoggi.it\/website\/2018\/01\/19\/verso-le-politiche-siracusano-vi-spiego-la-mia-scelta-con-liberi-e-uguali\/","title":{"rendered":"Verso le Politiche, Siracusano: &quot;Vi spiego la mia scelta con Liberi e Uguali&quot;"},"content":{"rendered":"<p>Ho deciso di accettare la candidatura alla Camera dei Deputati nel collegio di Messina, la mia citt\u00e0.<br \/>\nHo deciso di mettermi in gioco con coraggio e sfidare a viso aperto chi, negli ultimi decenni, ha umiliato e calpestato la dignit\u00e0, la storia e il prestigio di Messina.<br \/>\nNon ho mai abbassato la testa di fronte al potere ed ho un profondo rispetto per le Istituzioni. Chi ricopre cariche pubbliche deve interpretare tale ruolo come un servizio ed una missione da svolgere con onore e correttezza nell\u2019esclusivo interesse della comunit\u00e0.<br \/>\nMi presento con la mia storia, personale e professionale, con l\u2019impegno e la passione profusa e che hanno contraddistinto ogni mio percorso. Quel che ho costruito in gran parte lo devo alla mia citt\u00e0. Proprio a Messina ho deciso di tornare giovanissimo dopo alcuni anni di esperienza universitaria a Milano perch\u00e9 sentivo forte il desiderio di realizzare QUI, e non altrove, i miei sogni.<br \/>\nOggi penso a tutti quei giovani che non hanno la possibilit\u00e0 di compiere liberamente questa scelta e alle loro famiglie che si rassegnano all\u2019idea che i loro figli hanno un destino gi\u00e0 scritto se vogliono crescere e realizzarsi al meglio. Io ho avuto la possibilit\u00e0 di scegliere, una possibilit\u00e0 che oggi non c\u2019\u00e8 pi\u00f9 e che trasforma quella che dovrebbe essere anche una sfida per il proprio futuro in una decisione sofferta ed ineludibile. Non dobbiamo rassegnarci a perdere le speranze ma ricominciare a costruire i pilastri che consentiranno ai nostri figli di avere l\u2019opportunit\u00e0 di restare qui, se \u00e8 questo il loro desiderio.<br \/>\nOggi pi\u00f9 che mai c\u2019\u00e8 bisogno di galantuomini che restituiscano alla Politica il primato che le compete e decoro alla \u201cres publica\u201d. \u00c8 necessario tracciare una visione strategica del proprio territorio. Bisogna chiudere definitivamente il capitolo di una politica autoreferenziale che pensa solo a irrobustire il consenso senza occuparsi dei temi centrali che interessano i nostri concittadini.<br \/>\nIl lavoro, i trasporti nell\u2019area dello Stretto, le infrastrutture, la sicurezza del territorio e la protezione dei cittadini dal rischio sismico e idrogeologico, il diritto alle cure e l\u2019offerta sanitaria, il risanamento e la rigenerazione urbana, il rapporto con il mare e la riqualificazione delle nostre coste, l\u2019offerta culturale e turistica del nostro territorio.<br \/>\nSono questi i temi che devono appassionare il dibattito politico e diventare l\u2019unica agenda del governare, l\u2019unico asse di questa campagna elettorale.<br \/>\nSono punti focali su cui intendo incentrare il mio impegno insieme ai messinesi.<br \/>\nInsieme \u00e8 un concetto che parte dal profondo senso del voto che chiedo ai miei concittadini. Un voto consapevole, libero ma esigente. Un voto che non si ferma ad una delega in bianco ma che pretende di essere verificato e legato ad un rapporto costante con il proprio rappresentante. Uno scambio virtuoso tra chi riceve il voto e deve dare in cambio il proprio impegno per fare crescere e progredire la propria comunit\u00e0. L\u2019espressione del consenso deve tornare ad avere quell\u2019inestimabile valore, quell\u2019unicit\u00e0 che ha perso negli ultimi tempi, perch\u00e9 dequalificato, umiliato da una politica impegnata solo all\u2019auto-riproduzione ed al mantenimento dei privilegi.<br \/>\nAnche adesso, nell\u2019imminenza di determinanti consultazioni elettorali, chi \u00e8 stato responsabile, a vario titolo, delle attuali condizioni del nostro territorio, invece di chiedere scusa e ritirarsi a vita privata, continua ad imporre logiche di potere, spesso dinastiche, indifferenti a qualsiasi interesse collettivo. Nessuno dei responsabili delle umiliazioni e degli scippi perpetrati a danno della nostra terra \u00e8 disposto a fare un passo indietro, ed anzi, continua a voler camminare speditamente calpestando diritti e speranze dei messinesi.<br \/>\nSento, a questo punto, il dovere di offrire la mia storia personale e la mia esperienza a questa mia adorata citt\u00e0 ed ai suoi cittadini, per riportare Messina al ruolo di primo piano che le \u00e8 stato sottratto da chi non l\u2019ha amata, da chi ha solo preso ed \u00e8 scomparso, senza restituire. Lo faccio perch\u00e9 sento forte la responsabilit\u00e0 della mia generazione nei confronti dei giovani, dei nostri figli dei nostri nipoti ai quali dobbiamo lasciare in eredit\u00e0 una citt\u00e0 ed un mondo migliore di quello che abbiamo ereditato. Mi rivolgo anche a quanti hanno smesso di votare perch\u00e9 hanno perso ogni fiducia e con essa anche la speranza di cambiare. Il voto di ogni singolo messinese potr\u00e0 cambiare Messina. A quanti infine hanno scelto il voto di protesta, il voto di chi grida, dico che l\u2019unica protesta che rende veramente liberi \u00e8 quella che si accompagna ad una proposta costruttiva, concreta, fattibile, condivisibile e condivisa.<br \/>\nMi candido assieme a un gruppo di persone pulite, serie, preparate, giovani sincere e leali.<br \/>\nLibert\u00e0 e uguaglianza sono i due pilastri su cui si fonda la nostra azione politica. La libert\u00e0 \u00e8 la condizione necessaria per sprigionare le energie positive di chi vuole sviluppare il proprio talento. Uguaglianza \u00e8 il secondo ingrediente che completa il primo, \u00e8 l\u2019impegno a ridurre le distanze tra chi \u00e8 pi\u00f9 fortunato e chi invece \u00e8 rimasto indietro.<br \/>\nChi crede nelle idee contenute in queste poche righe e vuole contribuire al dibattito politico in corso, arricchendolo con le proprie opinioni, pu\u00f2 seguire la pagina facebook @SiracusanoGabriele o scrivermi a <a href=\"mailto:gabrielesiracusano2018@gmail.com\">gabrielesiracusano2018@gmail.com<\/a>.<br \/>\n#liberidiscegliere<br \/>\n <div id=\"div-gpt-ad-Messinaoggi.it-DSK-300x250-corpoart\" style=\"text-align:center;margin:0 auto;\"><\/div><\/p>\n<div id=\"videoincontent\" style=\"clear:both\";><\/div>","protected":false},"excerpt":{"rendered":"<p>Ho deciso di accettare la candidatura alla Camera dei Deputati nel collegio di Messina, la mia citt\u00e0. Ho deciso di mettermi in gioco con coraggio e sfidare a viso aperto chi, negli ultimi decenni, ha umiliato e calpestato la dignit\u00e0, la storia e il prestigio di Messina. Non ho mai abbassato la testa di fronte [&hellip;]<\/p>\n","protected":false},"author":2,"featured_media":14519,"comment_status":"closed","ping_status":"open","sticky":false,"template":"","format":"standard","meta":{"ub_ctt_via":"","_mi_skip_tracking":false},"categories":[4],"tags":[],"featured_image_src":"https:\/\/www.messinaoggi.it\/website\/wp-content\/uploads\/2018\/01\/siracusano-1.jpg","author_info":{"display_name":"Redazione","author_link":"https:\/\/www.messinaoggi.it\/website\/author\/redazione\/"},"digistream_id":0,"digistream":false,"_links":{"self":[{"href":"https:\/\/www.messinaoggi.it\/website\/wp-json\/wp\/v2\/posts\/14518"}],"collection":[{"href":"https:\/\/www.messinaoggi.it\/website\/wp-json\/wp\/v2\/posts"}],"about":[{"href":"https:\/\/www.messinaoggi.it\/website\/wp-json\/wp\/v2\/types\/post"}],"author":[{"embeddable":true,"href":"https:\/\/www.messinaoggi.it\/website\/wp-json\/wp\/v2\/users\/2"}],"replies":[{"embeddable":true,"href":"https:\/\/www.messinaoggi.it\/website\/wp-json\/wp\/v2\/comments?post=14518"}],"version-history":[{"count":0,"href":"https:\/\/www.messinaoggi.it\/website\/wp-json\/wp\/v2\/posts\/14518\/revisions"}],"wp:featuredmedia":[{"embeddable":true,"href":"https:\/\/www.messinaoggi.it\/website\/wp-json\/wp\/v2\/media\/14519"}],"wp:attachment":[{"href":"https:\/\/www.messinaoggi.it\/website\/wp-json\/wp\/v2\/media?parent=14518"}],"wp:term":[{"taxonomy":"category","embeddable":true,"href":"https:\/\/www.messinaoggi.it\/website\/wp-json\/wp\/v2\/categories?post=14518"},{"taxonomy":"post_tag","embeddable":true,"href":"https:\/\/www.messinaoggi.it\/website\/wp-json\/wp\/v2\/tags?post=14518"}],"curies":[{"name":"wp","href":"https:\/\/api.w.org\/{rel}","templated":true}]}}