{"id":14517,"date":"2018-01-19T15:39:15","date_gmt":"2018-01-19T14:39:15","guid":{"rendered":"http:\/\/www.messinaoggi.it\/website\/?p=14517"},"modified":"2018-01-19T15:39:15","modified_gmt":"2018-01-19T14:39:15","slug":"sopralluogo-positivo-la-pascoli-riapre-i-battenti-lunedi","status":"publish","type":"post","link":"https:\/\/www.messinaoggi.it\/website\/2018\/01\/19\/sopralluogo-positivo-la-pascoli-riapre-i-battenti-lunedi\/","title":{"rendered":"Sopralluogo positivo, la Pascoli riapre i battenti luned\u00ec"},"content":{"rendered":"<p style=\"text-align: justify\">Il sopralluogo decisivo ha avuto esito positivo, la scuola Pascoli-Crispi riaprir\u00e0 i battenti gi\u00e0 luned\u00ec. L\u2019Asp ha dato il via libera dopo il sopralluogo di questa mattina, presente anche il dirigente del Dipartimento Politiche Culturali ed Educative, Salvatore De Francesco.\u00a0 Gli interventi di pulizia svolti negli ultimi giorni hanno avuto risultati pi\u00f9 che sufficienti, cos\u00ec la stessa Asp e il Dipartimento hanno emesso una relazione positiva, che sar\u00e0 trasmessa alla dirigente scolastica, Giuseppina Broccio.<div id=\"div-gpt-ad-Messinaoggi.it-DSK-300x250-corpoart\" style=\"text-align:center;margin:0 auto;\"><\/div><\/p>\n<p style=\"text-align: justify\">Quest\u2019ultima nelle prossime ore prender\u00e0 atto del via libera arrivato dall\u2019organo tecnico, domani emetter\u00e0 il documento che consentir\u00e0 la riapertura dei cancelli scolastici nella giornata di luned\u00ec. L\u2019assessore Federico Alagna \u00e8 stato informativo del buon esito del sopralluogo mentre si trovava a Palazzo Zanca, presto saranno redatte tutte le copie dei documenti. Si avvia, dunque, verso la conclusione una vicenda paradossale, iniziata il 5 dicembre scorso con l\u2019incendio di una fotocopiatrice, che ha portato alla chiusura del plesso fino alle vacanze di Natale.<div id=\"videoincontent\" style=\"clear:both\";><\/div><\/p>\n<p style=\"text-align: justify\">Nel frattempo per\u00f2 sono stati effettuati gli interventi di pulizia per consentire il ritorno degli alunni subito dopo le feste. Interventi che per\u00f2 si sono rivelati inefficaci, visto che il 9 gennaio i genitori hanno portato via i rispettivi figli dalla scuola, dopo il rinvenimento di polveri nere negli ambienti del primo piano. Nel frattempo gli stessi alunni sono tornati a frequentare le lezioni nell\u2019orario pomeridiano alla scuola Boer. La ditta ha effettuato una seconda tranche d\u2019interventi, ma la situazione si era fatta sempre pi\u00f9 ingarbugliata sotto il profilo burocratico.<\/p>\n<p style=\"text-align: justify\">Asp e Arpa hanno comunicato ma solo tramite documenti, almeno fino a ieri quando a Palazzo Zanca si \u00e8 svolto il tavolo tecnico richiesto dalla presidente del Consiglio Comunale Emilia Barrile, dal presidente della IV Circoscrizione Francesco Palano Quero e promosso dall\u2019assessore Alagna. Ieri \u00e8 emersa la competenza dell\u2019Asp nel dare l\u2019ultima parola, parola che \u00e8 stata emessa questa mattina e speriamo che sia davvero l\u2019ultima di una situazione che ha sfiorato la farsa.<\/p>\n","protected":false},"excerpt":{"rendered":"<p>Il sopralluogo decisivo ha avuto esito positivo, la scuola Pascoli-Crispi riaprir\u00e0 i battenti gi\u00e0 luned\u00ec. L\u2019Asp ha dato il via libera dopo il sopralluogo di questa mattina, presente anche il dirigente del Dipartimento Politiche Culturali ed Educative, Salvatore De Francesco.\u00a0 Gli interventi di pulizia svolti negli ultimi giorni hanno avuto risultati pi\u00f9 che sufficienti, cos\u00ec [&hellip;]<\/p>\n","protected":false},"author":1,"featured_media":12656,"comment_status":"closed","ping_status":"open","sticky":false,"template":"","format":"standard","meta":{"ub_ctt_via":"","_mi_skip_tracking":false},"categories":[6],"tags":[],"featured_image_src":"https:\/\/www.messinaoggi.it\/website\/wp-content\/uploads\/2017\/12\/scuola-Crispi-Pascoli-aula-bruciata-messinaoggiMR.jpg","author_info":{"display_name":"admin@admin.com","author_link":"https:\/\/www.messinaoggi.it\/website\/author\/adminadmin-com\/"},"digistream_id":0,"digistream":false,"_links":{"self":[{"href":"https:\/\/www.messinaoggi.it\/website\/wp-json\/wp\/v2\/posts\/14517"}],"collection":[{"href":"https:\/\/www.messinaoggi.it\/website\/wp-json\/wp\/v2\/posts"}],"about":[{"href":"https:\/\/www.messinaoggi.it\/website\/wp-json\/wp\/v2\/types\/post"}],"author":[{"embeddable":true,"href":"https:\/\/www.messinaoggi.it\/website\/wp-json\/wp\/v2\/users\/1"}],"replies":[{"embeddable":true,"href":"https:\/\/www.messinaoggi.it\/website\/wp-json\/wp\/v2\/comments?post=14517"}],"version-history":[{"count":0,"href":"https:\/\/www.messinaoggi.it\/website\/wp-json\/wp\/v2\/posts\/14517\/revisions"}],"wp:featuredmedia":[{"embeddable":true,"href":"https:\/\/www.messinaoggi.it\/website\/wp-json\/wp\/v2\/media\/12656"}],"wp:attachment":[{"href":"https:\/\/www.messinaoggi.it\/website\/wp-json\/wp\/v2\/media?parent=14517"}],"wp:term":[{"taxonomy":"category","embeddable":true,"href":"https:\/\/www.messinaoggi.it\/website\/wp-json\/wp\/v2\/categories?post=14517"},{"taxonomy":"post_tag","embeddable":true,"href":"https:\/\/www.messinaoggi.it\/website\/wp-json\/wp\/v2\/tags?post=14517"}],"curies":[{"name":"wp","href":"https:\/\/api.w.org\/{rel}","templated":true}]}}