{"id":145150,"date":"2023-03-07T12:02:51","date_gmt":"2023-03-07T11:02:51","guid":{"rendered":"https:\/\/www.messinaoggi.it\/website\/2023\/03\/07\/i-libri-di-giusy-versace-protagonisti-a-salo-e-belpasso\/"},"modified":"2023-03-07T12:15:40","modified_gmt":"2023-03-07T11:15:40","slug":"i-libri-di-giusy-versace-protagonisti-a-salo-e-belpasso","status":"publish","type":"post","link":"https:\/\/www.messinaoggi.it\/website\/2023\/03\/07\/i-libri-di-giusy-versace-protagonisti-a-salo-e-belpasso\/","title":{"rendered":"I libri di Giusy Versace protagonisti a Sal\u00f2 e Belpasso"},"content":{"rendered":"<div>\n<p>CATANIA (ITALPRESS) \u2013 Giusy Versace, in versione \u2018scrittric\u00e8, \u00e8 tornata a raccontarsi al pubblico e agli studenti. Lo ha fatto in due differenti contesti, molto lontani geograficamente tra loro, ma che hanno entrambi suscitato grande interesse e riscosso molto entusiasmo.<br \/>Dalla Biblioteca di Sal\u00f2, in provincia di Brescia, all\u2019Istituto Superiore di Francesco Redi di Belpasso, nel territorio di Catania: i libri scritti dalla Versace \u2018Con la testa e con il cuore si va ovunqu\u00e8 e \u2018WonderGiusy\u2019 sono stati protagonisti di due importanti momenti di approfondimento e dialogo sui temi legati alla disabilit\u00e0, allo sport, al coraggio e alla tenacia nell\u2019affrontare le difficolt\u00e0 della vita e, non ultima, alla fede che ha sempre accompagnato la Versace in ogni suo gesto e decisione importante.<br \/>A Sal\u00f2, Giusy \u00e8 stata ospite di un \u2018salotto d\u2019autor\u00e8 organizzato dalla biblioteca del comune bresciano e moderato dalla giornalista Francesca Roman, iniziativa alla quale ha partecipato anche l\u2019Assessore alla Cultura del Comune di Sal\u00f2 Annarosa Bianchini.<br \/>Giusy ha intrattenuto il pubblico con un\u2019ora e mezza di un emozionante racconto della sua seconda vita, ricco di aneddoti ed episodi divertenti, nei quali il dramma di aver perso due gambe in un incidente stradale ha lasciato spazio all\u2019ironia con cui la Versace parla delle sue gambe finte, della chiave inglese che porta nella borsetta al posto del rossetto per sistemarsi le protesi e del suo armadio pieno, non di scarpe, bens\u00ec di gambe per ogni occasione.<br \/>Emozionante, stimolante e formativo \u00e8 stato anche l\u2019incontro online che Giusy ha avuto con alcuni studenti dell\u2019IIS Redi di Belpasso, che fanno parte del giornale della scuola \u201cInforma Azione\u201d e del progetto di lettura \u201cLibriamoci off\u201d.<br \/>Un momento reso possibile grazie alla collaborazione fra la Dirigente Scolastica Giuseppa Morsellino e le professoresse Maria Rita Catalano, Angela Barbagallo e Vania Flego, che ha visto i ragazzi e le ragazze protagonisti di un\u2019intervista speciale.<br \/>Dopo avere letto \u201cCon la testa e con il cuore si va ovunque\u201d, gli aspiranti giornalisti e appassionati lettori hanno fatto diverse domande a Giusy Versace, per approfondire alcuni aspetti della sua vita e della sua esperienza e per capire come poter promuovere una societ\u00e0 migliore, pi\u00f9 inclusiva e meno spaventata dal \u2018divers\u00f2.<br \/>Quello che arriva da Giusy Versace \u00e8 un messaggio ben chiaro: \u201cBisogna essere grati alla vita per quello che si ha, non ci si deve mai abbattere, neanche di fronte agli imprevisti. Perch\u00e8 sono proprio gli ostacoli che ci aiutano a crescere e a diventare persone migliori\u201d. L\u2019invito, dunque, \u00e8 quello di non arrendersi mai e di aspirare ad un mondo pi\u00f9 gentile, dove ognuno di noi pu\u00f2 fare la sua parte per migliorare la cultura del nostro Paese e dove la scuola ha una grande responsabilit\u00e0 nel non lasciare indietro nessuno.<br \/>foto ufficio stampa Giusy Versace<br \/>(ITALPRESS).<div id=\"div-gpt-ad-Messinaoggi.it-DSK-300x250-corpoart\" style=\"text-align:center;margin:0 auto;\"><\/div><\/p>\n<\/div>\n<div id=\"videoincontent\" style=\"clear:both\";><\/div>","protected":false},"excerpt":{"rendered":"<p>CATANIA (ITALPRESS) \u2013 Giusy Versace, in versione \u2018scrittric\u00e8, \u00e8 tornata a raccontarsi al pubblico e agli studenti. Lo ha fatto in due differenti contesti, molto lontani geograficamente tra loro, ma che hanno entrambi suscitato grande interesse e riscosso molto entusiasmo.Dalla Biblioteca di Sal\u00f2, in provincia di Brescia, all\u2019Istituto Superiore di Francesco Redi di Belpasso, nel [&hellip;]<\/p>\n","protected":false},"author":18,"featured_media":145151,"comment_status":"closed","ping_status":"closed","sticky":false,"template":"","format":"standard","meta":{"ub_ctt_via":"","_mi_skip_tracking":false},"categories":[16,2449],"tags":[783],"featured_image_src":"https:\/\/www.messinaoggi.it\/website\/wp-content\/uploads\/2023\/03\/20230307_0334.jpg","author_info":{"display_name":"Admin","author_link":"https:\/\/www.messinaoggi.it\/website\/author\/admin\/"},"digistream_id":0,"digistream":false,"_links":{"self":[{"href":"https:\/\/www.messinaoggi.it\/website\/wp-json\/wp\/v2\/posts\/145150"}],"collection":[{"href":"https:\/\/www.messinaoggi.it\/website\/wp-json\/wp\/v2\/posts"}],"about":[{"href":"https:\/\/www.messinaoggi.it\/website\/wp-json\/wp\/v2\/types\/post"}],"author":[{"embeddable":true,"href":"https:\/\/www.messinaoggi.it\/website\/wp-json\/wp\/v2\/users\/18"}],"replies":[{"embeddable":true,"href":"https:\/\/www.messinaoggi.it\/website\/wp-json\/wp\/v2\/comments?post=145150"}],"version-history":[{"count":1,"href":"https:\/\/www.messinaoggi.it\/website\/wp-json\/wp\/v2\/posts\/145150\/revisions"}],"predecessor-version":[{"id":145154,"href":"https:\/\/www.messinaoggi.it\/website\/wp-json\/wp\/v2\/posts\/145150\/revisions\/145154"}],"wp:featuredmedia":[{"embeddable":true,"href":"https:\/\/www.messinaoggi.it\/website\/wp-json\/wp\/v2\/media\/145151"}],"wp:attachment":[{"href":"https:\/\/www.messinaoggi.it\/website\/wp-json\/wp\/v2\/media?parent=145150"}],"wp:term":[{"taxonomy":"category","embeddable":true,"href":"https:\/\/www.messinaoggi.it\/website\/wp-json\/wp\/v2\/categories?post=145150"},{"taxonomy":"post_tag","embeddable":true,"href":"https:\/\/www.messinaoggi.it\/website\/wp-json\/wp\/v2\/tags?post=145150"}],"curies":[{"name":"wp","href":"https:\/\/api.w.org\/{rel}","templated":true}]}}