{"id":145140,"date":"2023-03-07T11:52:50","date_gmt":"2023-03-07T10:52:50","guid":{"rendered":"http:\/\/www.messinaoggi.it\/website\/?p=145140"},"modified":"2023-03-07T11:52:51","modified_gmt":"2023-03-07T10:52:51","slug":"centro-spoke-catania-uil-fpl-intervenga-lassessore-volo","status":"publish","type":"post","link":"https:\/\/www.messinaoggi.it\/website\/2023\/03\/07\/centro-spoke-catania-uil-fpl-intervenga-lassessore-volo\/","title":{"rendered":"Centro Spoke Catania, Uil-Fpl: &#8220;Intervenga l&#8217;assessore Volo&#8221;"},"content":{"rendered":"\n<p>La Uil-Fpl di Messina, attraverso una nota indirizzata all\u2019assessore regionale alla Salute, e per conoscenza al commissario straordinario dell\u2019Irccs-Neurolesi, sollecita il trasferimento del \u201cCentro Spoke\u201d di Catania, all\u2019azienda ospedaliera Cannizzaro. <div id=\"div-gpt-ad-Messinaoggi.it-DSK-300x250-corpoart\" style=\"text-align:center;margin:0 auto;\"><\/div><\/p>\n\n\n\n<p>La nota \u00e8 firmata dal segretario generale <strong>Livio Andronico<\/strong> e dai segretari aziendali <strong>Nino Nunnari<\/strong> e <strong>Maurizio Celona<\/strong>. \u00a0 <div id=\"videoincontent\" style=\"clear:both\";><\/div><\/p>\n\n\n\n<p>\u201c<em>Com&#8217;\u00e8 noto, l\u2019Assessorato della Salute della Regione Siciliana, con decreto assessoriale n.1505 del 31 dicembre 2021, ad oggetto approvazione della dotazione organica e del piano triennale del fabbisogno dell\u2019azienda Ospedaliera Cannizzaro, ha previsto per la stessa il nuovo tetto di spesa per il costo del piano triennale dei fabbisogni determinato in 84.738.000, oltre ad euro 2.736,468 relativa al personale dello Spoke dell\u2019IRCCS. Ci\u00f2 premesso, la scrivente organizzazione sindacale, fa presente che l\u2019IRCCS Neurolesi di Messina nell\u2019anno 2022, attraverso un protocollo d\u2019intesa, che era stato avviato da tempo, ha realizzato il trasferimento di funzione dei Centri Spoke di Salemi e Palermo, rispettivamente presso le ASP di Trapani e di Palermo, con tutto il personale a tempo determinato ed indeterminato che, all\u2019interno delle stesse, vi prestava servizio. Purtroppo a tutt\u2019oggi, non siamo riusciti ad avere risposte concrete, riguardo il trasferimento delle funzioni dell\u2019ultimo Centro Spoke Etneo dell\u2019IRCCS Bonino Pulejo di Messina presso l\u2019Azienda Ospedaliera Cannizzaro di Catania. Infatti, da notizie che ci sono pervenute in maniera informale, sembrerebbe che il protocollo d\u2019intesa tra il Bonino Pulejo ed il P.O. Cannizzaro, nonostante sia stato avviato da parecchio tempo, a tutt\u2019oggi, non si conoscono ancora i tempi per il passaggio definitivo dello Spoke e neanche le garanzie lavorative per il personale a tempo determinato che vi presta servizio<\/em>\u201d. \u00a0 <\/p>\n\n\n\n<p>Poi la nota dei dirigenti sindacali della Uil-Fpl Messina chiede un intervento urgente dell\u2019assessore Volo. <em>\u201cLa scrivente organizzazione sindacale, a tutela dei lavoratori della succitata sede Spoke, che hanno maturato notevole esperienza professionale nella gestione dell\u2019assistenza a pazienti con patologie neuroriabilitative gravi, chiede un urgente intervento dell\u2019Assessorato regionale alla Salute, al fine di disporre, nel pi\u00f9 breve tempo possibile, il trasferimento delle funzioni del predetto Centro Spoke all\u2019interno del P.O. Cannizzaro di Catania, con tutto il personale dipendente, sia a tempo indeterminato che a tempo determinato, cos\u00ec come \u00e8 stato fatto per gli altri Centri Spoke della Sicilia, al fine anche di dare continuit\u00e0 nelle complesse attivit\u00e0 assistenziali nei confronti di pazienti fragili. Si fa altres\u00ec presente, che in atto insiste una grave carenza di personale medico, che sta causando un fortissimo stress psicofisico ai pochi sanitari rimasti in servizio<\/em>\u201d. \u00a0<\/p>\n","protected":false},"excerpt":{"rendered":"<p>La Uil-Fpl di Messina, attraverso una nota indirizzata all\u2019assessore regionale alla Salute, e per conoscenza al commissario straordinario dell\u2019Irccs-Neurolesi, sollecita il trasferimento del \u201cCentro Spoke\u201d di Catania, all\u2019azienda ospedaliera Cannizzaro. La nota \u00e8 firmata dal segretario generale Livio Andronico e dai segretari aziendali Nino Nunnari e Maurizio Celona. \u00a0 \u201cCom&#8217;\u00e8 noto, l\u2019Assessorato della Salute della [&hellip;]<\/p>\n","protected":false},"author":2,"featured_media":130352,"comment_status":"open","ping_status":"open","sticky":false,"template":"","format":"standard","meta":{"ub_ctt_via":"","_mi_skip_tracking":false},"categories":[11],"tags":[6936,933,2462,5461,6937,113,115],"featured_image_src":"https:\/\/www.messinaoggi.it\/website\/wp-content\/uploads\/2022\/11\/0-3.jpg","author_info":{"display_name":"Redazione","author_link":"https:\/\/www.messinaoggi.it\/website\/author\/redazione\/"},"digistream_id":0,"digistream":false,"_links":{"self":[{"href":"https:\/\/www.messinaoggi.it\/website\/wp-json\/wp\/v2\/posts\/145140"}],"collection":[{"href":"https:\/\/www.messinaoggi.it\/website\/wp-json\/wp\/v2\/posts"}],"about":[{"href":"https:\/\/www.messinaoggi.it\/website\/wp-json\/wp\/v2\/types\/post"}],"author":[{"embeddable":true,"href":"https:\/\/www.messinaoggi.it\/website\/wp-json\/wp\/v2\/users\/2"}],"replies":[{"embeddable":true,"href":"https:\/\/www.messinaoggi.it\/website\/wp-json\/wp\/v2\/comments?post=145140"}],"version-history":[{"count":1,"href":"https:\/\/www.messinaoggi.it\/website\/wp-json\/wp\/v2\/posts\/145140\/revisions"}],"predecessor-version":[{"id":145141,"href":"https:\/\/www.messinaoggi.it\/website\/wp-json\/wp\/v2\/posts\/145140\/revisions\/145141"}],"wp:featuredmedia":[{"embeddable":true,"href":"https:\/\/www.messinaoggi.it\/website\/wp-json\/wp\/v2\/media\/130352"}],"wp:attachment":[{"href":"https:\/\/www.messinaoggi.it\/website\/wp-json\/wp\/v2\/media?parent=145140"}],"wp:term":[{"taxonomy":"category","embeddable":true,"href":"https:\/\/www.messinaoggi.it\/website\/wp-json\/wp\/v2\/categories?post=145140"},{"taxonomy":"post_tag","embeddable":true,"href":"https:\/\/www.messinaoggi.it\/website\/wp-json\/wp\/v2\/tags?post=145140"}],"curies":[{"name":"wp","href":"https:\/\/api.w.org\/{rel}","templated":true}]}}