{"id":145097,"date":"2023-03-06T19:02:50","date_gmt":"2023-03-06T18:02:50","guid":{"rendered":"https:\/\/www.messinaoggi.it\/website\/2023\/03\/06\/schifani-alla-cesi-occupazione-e-formazione-tra-priorita-mio-governo\/"},"modified":"2023-03-06T19:02:50","modified_gmt":"2023-03-06T18:02:50","slug":"schifani-alla-cesi-occupazione-e-formazione-tra-priorita-mio-governo","status":"publish","type":"post","link":"https:\/\/www.messinaoggi.it\/website\/2023\/03\/06\/schifani-alla-cesi-occupazione-e-formazione-tra-priorita-mio-governo\/","title":{"rendered":"Schifani alla Cesi \u201cOccupazione e formazione tra priorit\u00e0 mio Governo\u201d"},"content":{"rendered":"<div>\n<p>PALERMO (ITALPRESS) \u2013 \u201cFar combaciare domanda e offerta di lavoro per migliorare i livelli di occupazione in Sicilia e dare un nuovo slancio all\u2019economia regionale\u00bb. Con questo obiettivo il presidente della Regione Renato Schifani ha annunciato oggi, partecipando ai lavori della sessione primaverile della Conferenza episcopale siciliana, l\u2019intenzione di far realizzare un\u2019indagine demoscopia su quelle che sono le esigenze del mondo del lavoro dell\u2019Isola.<br \/>\u00abSar\u00e0 possibile cos\u00ec \u2013 prosegue il governatore \u2013 individuare presso i datori di lavoro quali sono le figure professionali maggiormente richieste e orientare, nel modo pi\u00f9 efficiente possibile, i programmi della formazione professionale finanziati dalla Regione. E\u2019 una strada non ancora percorsa su cui il mio governo intende puntare per offrire nuove possibilit\u00e0 ai non occupati, giovani e meno giovani, della nostra terra\u00bb.<br \/>A proposito dell\u2019incontro con i vescovi siciliani, Schifani ha aggiunto: \u00abE\u2019 stato un confronto molto utile perch\u00e8 mi ha arricchito su tematiche che gi\u00e0 conoscevo e mi ha spronato a continuare a confrontarmi sempre di pi\u00f9 con il mondo ecclesiale. Lavoreremo affinch\u00e8 in futuro ci siano occasioni periodiche di dialogo poich\u00e8 il mio vuole essere un governo dell\u2019ascolto e della massima collaborazione con tutte quelle realt\u00e0 che sono davvero vicine ai cittadini\u00bb. <div id=\"div-gpt-ad-Messinaoggi.it-DSK-300x250-corpoart\" style=\"text-align:center;margin:0 auto;\"><\/div><\/p>\n<p>\u2013 foto: ufficio stampa regione Siciliana <div id=\"videoincontent\" style=\"clear:both\";><\/div><\/p>\n<p>(ITALPRESS).<\/p>\n<\/div>\n","protected":false},"excerpt":{"rendered":"<p>PALERMO (ITALPRESS) \u2013 \u201cFar combaciare domanda e offerta di lavoro per migliorare i livelli di occupazione in Sicilia e dare un nuovo slancio all\u2019economia regionale\u00bb. Con questo obiettivo il presidente della Regione Renato Schifani ha annunciato oggi, partecipando ai lavori della sessione primaverile della Conferenza episcopale siciliana, l\u2019intenzione di far realizzare un\u2019indagine demoscopia su quelle [&hellip;]<\/p>\n","protected":false},"author":18,"featured_media":145098,"comment_status":"closed","ping_status":"closed","sticky":false,"template":"","format":"standard","meta":{"ub_ctt_via":"","_mi_skip_tracking":false},"categories":[2449],"tags":[783],"featured_image_src":"https:\/\/www.messinaoggi.it\/website\/wp-content\/uploads\/2023\/03\/20230306_1727.jpg","author_info":{"display_name":"Admin","author_link":"https:\/\/www.messinaoggi.it\/website\/author\/admin\/"},"digistream_id":0,"digistream":false,"_links":{"self":[{"href":"https:\/\/www.messinaoggi.it\/website\/wp-json\/wp\/v2\/posts\/145097"}],"collection":[{"href":"https:\/\/www.messinaoggi.it\/website\/wp-json\/wp\/v2\/posts"}],"about":[{"href":"https:\/\/www.messinaoggi.it\/website\/wp-json\/wp\/v2\/types\/post"}],"author":[{"embeddable":true,"href":"https:\/\/www.messinaoggi.it\/website\/wp-json\/wp\/v2\/users\/18"}],"replies":[{"embeddable":true,"href":"https:\/\/www.messinaoggi.it\/website\/wp-json\/wp\/v2\/comments?post=145097"}],"version-history":[{"count":0,"href":"https:\/\/www.messinaoggi.it\/website\/wp-json\/wp\/v2\/posts\/145097\/revisions"}],"wp:featuredmedia":[{"embeddable":true,"href":"https:\/\/www.messinaoggi.it\/website\/wp-json\/wp\/v2\/media\/145098"}],"wp:attachment":[{"href":"https:\/\/www.messinaoggi.it\/website\/wp-json\/wp\/v2\/media?parent=145097"}],"wp:term":[{"taxonomy":"category","embeddable":true,"href":"https:\/\/www.messinaoggi.it\/website\/wp-json\/wp\/v2\/categories?post=145097"},{"taxonomy":"post_tag","embeddable":true,"href":"https:\/\/www.messinaoggi.it\/website\/wp-json\/wp\/v2\/tags?post=145097"}],"curies":[{"name":"wp","href":"https:\/\/api.w.org\/{rel}","templated":true}]}}