{"id":14505,"date":"2018-01-19T10:57:28","date_gmt":"2018-01-19T09:57:28","guid":{"rendered":"http:\/\/www.messinaoggi.it\/website\/?p=14505"},"modified":"2018-01-19T10:57:28","modified_gmt":"2018-01-19T09:57:28","slug":"messinambiente-sequestro-di-2-milioni-e-mezzo-di-euro-malore-per-il-liquidatore-calabro","status":"publish","type":"post","link":"https:\/\/www.messinaoggi.it\/website\/2018\/01\/19\/messinambiente-sequestro-di-2-milioni-e-mezzo-di-euro-malore-per-il-liquidatore-calabro\/","title":{"rendered":"MessinAmbiente: sequestro di 2 milioni e mezzo di euro, malore per il liquidatore Calabr\u00f2"},"content":{"rendered":"<p>Ennesima mazzata per MessinAmbiente. La Guardia di Finanza ha notificato al commissario liquidatore, Giovanni Calabr\u00f2, un sequestro preventivo di oltre 2 milioni e mezzo di euro. Il provvedimento \u00e8 stato disposto dal Gip Mastroeni che ha accolto la richiesta della sostituto procuratore Roberta La Speme.<br \/>\nAl centro del nuovo sequestro il mancato versamento entro il termine del 15 settembre 2016 della dichiarazione annuale dei sostituti d\u2019imposta, delle ritenute operate certificate per il 2015, per un totale di 2.651.152,53 euro. A segnalare il mancato versamento \u00e8 stata l\u2019Agenzia delle Entrate.<br \/>\nLe Fiamme gialle hanno scoperto che con riferimento al periodo d\u2019imposta 2015 MessinAmbiente ha omesso di versare le ritenute. Il provvedimento colpisce Calabr\u00f3 perch\u00e9 all\u2019epoca era commissario liquidatore e quindi risulta indagato per il reato tributario. In quanto legale rappresentante, il Gip ha stabilito di porre sotto sequestro preventivo \u201ctutte le disponibilit\u00e0 finanziarie costituite da somme di denaro liquid\u00f2, conti correnti bancari o postali, libretti al portatore o nominativi, sia bancari e postali\u201c, in mancanza dei beni immobili gi\u00e0 individuati dalla polizia giudiziaria.<br \/>\nAlla societ\u00e0 di via Dogali sono stati sequestrati 170mila euro, tutto il resto \u00e8 stato sottratto a Calabr\u00f2, che ha accusato un malore tanto da fare ricorso alle cure dei medici dell&#8217;ospedale &#8220;Piemonte&#8221;. Un sequestro analogo era stato operato il 30 giugno 2017 relativo al mancato versamento dell\u2019Iva nel 2014. Vennero bloccati anche in quel caso tutti conti di Calabr\u00f2, ma il Tribunale del riesame accolse ricorso dei legali del commissario liquidatore annullando il tutto.<div id=\"div-gpt-ad-Messinaoggi.it-DSK-300x250-corpoart\" style=\"text-align:center;margin:0 auto;\"><\/div><\/p>\n<div id=\"videoincontent\" style=\"clear:both\";><\/div>","protected":false},"excerpt":{"rendered":"<p>Ennesima mazzata per MessinAmbiente. La Guardia di Finanza ha notificato al commissario liquidatore, Giovanni Calabr\u00f2, un sequestro preventivo di oltre 2 milioni e mezzo di euro. Il provvedimento \u00e8 stato disposto dal Gip Mastroeni che ha accolto la richiesta della sostituto procuratore Roberta La Speme. Al centro del nuovo sequestro il mancato versamento entro il [&hellip;]<\/p>\n","protected":false},"author":2,"featured_media":1633,"comment_status":"closed","ping_status":"open","sticky":false,"template":"","format":"standard","meta":{"ub_ctt_via":"","_mi_skip_tracking":false},"categories":[6],"tags":[],"featured_image_src":"https:\/\/www.messinaoggi.it\/website\/wp-content\/uploads\/2017\/06\/Calabro\u0300-Giovanni-2.jpg","author_info":{"display_name":"Redazione","author_link":"https:\/\/www.messinaoggi.it\/website\/author\/redazione\/"},"digistream_id":0,"digistream":false,"_links":{"self":[{"href":"https:\/\/www.messinaoggi.it\/website\/wp-json\/wp\/v2\/posts\/14505"}],"collection":[{"href":"https:\/\/www.messinaoggi.it\/website\/wp-json\/wp\/v2\/posts"}],"about":[{"href":"https:\/\/www.messinaoggi.it\/website\/wp-json\/wp\/v2\/types\/post"}],"author":[{"embeddable":true,"href":"https:\/\/www.messinaoggi.it\/website\/wp-json\/wp\/v2\/users\/2"}],"replies":[{"embeddable":true,"href":"https:\/\/www.messinaoggi.it\/website\/wp-json\/wp\/v2\/comments?post=14505"}],"version-history":[{"count":0,"href":"https:\/\/www.messinaoggi.it\/website\/wp-json\/wp\/v2\/posts\/14505\/revisions"}],"wp:featuredmedia":[{"embeddable":true,"href":"https:\/\/www.messinaoggi.it\/website\/wp-json\/wp\/v2\/media\/1633"}],"wp:attachment":[{"href":"https:\/\/www.messinaoggi.it\/website\/wp-json\/wp\/v2\/media?parent=14505"}],"wp:term":[{"taxonomy":"category","embeddable":true,"href":"https:\/\/www.messinaoggi.it\/website\/wp-json\/wp\/v2\/categories?post=14505"},{"taxonomy":"post_tag","embeddable":true,"href":"https:\/\/www.messinaoggi.it\/website\/wp-json\/wp\/v2\/tags?post=14505"}],"curies":[{"name":"wp","href":"https:\/\/api.w.org\/{rel}","templated":true}]}}