{"id":145017,"date":"2023-03-06T12:24:10","date_gmt":"2023-03-06T11:24:10","guid":{"rendered":"http:\/\/www.messinaoggi.it\/website\/?p=145017"},"modified":"2023-03-06T12:24:13","modified_gmt":"2023-03-06T11:24:13","slug":"internazionalizzazione-unime-avvia-due-progetti-con-giordania-marocco-e-tunisia","status":"publish","type":"post","link":"https:\/\/www.messinaoggi.it\/website\/2023\/03\/06\/internazionalizzazione-unime-avvia-due-progetti-con-giordania-marocco-e-tunisia\/","title":{"rendered":"Internazionalizzazione, Unime avvia due progetti con Giordania, Marocco e Tunisia"},"content":{"rendered":"\n<p>Continuano incessantemente le attivit\u00e0 per una sempre maggiore internazionalizzazione dell\u2019Universit\u00e0 di Messina. Sono, infatti, due i progetti che in questi giorni vedono coinvolto il Prorettore, professor Antonino German\u00e0. Si tratta di Biotecno, che ha l\u2019obiettivo di contribuire al livello di internazionalizzazione dei sistemi di istruzione superiore siciliano e dei Paesi partner (Giordania, Marocco e Tunisia) con la progettazione congiunta di un corso di formazione in biotecnologie cellulari e molecolari, basato sulle esigenza dei territori coinvolti nel campo delle scienze della vita. L\u2019altro progetto si chiama Animalbiomed e ha lo scopo di contribuire a rafforzare la collaborazione e lo scambio di conoscenze sempre con questi tre paesi per il miglioramento delle competenze chiave dei dottorandi e ricercatori.<div id=\"div-gpt-ad-Messinaoggi.it-DSK-300x250-corpoart\" style=\"text-align:center;margin:0 auto;\"><\/div><\/p>\n\n\n\n<p>Da oggi e per le prossime due settimane, saranno presenti delegazioni provenienti dai tre Paesi per mettere in atto le varie fasi dei progetti, tra queste, l\u2019organizzazione delle attivit\u00e0 formative, di workshop e successivamente la mobilit\u00e0 di docenti e studenti, questi ultimi avranno la possibilit\u00e0 di effettuare esercitazioni pratiche di laboratorio e soprattutto contribuiranno ad una ulteriore internazionalizzazione del sistema universitario siciliano.<div id=\"videoincontent\" style=\"clear:both\";><\/div><\/p>\n\n\n\n<p>\u201cSi tratta di due progetti importanti \u2013 ha commentato il professor German\u00e0 \u2013 che contribuiranno ad amplificare la reputazione all\u2019estero dell\u2019Universit\u00e0 di Messina. Si potr\u00e0 cos\u00ec innestare un virtuoso meccanismo di scambio e la promozione del sistema universitario nell\u2019Area del Mediterraneo entro cui, negli ultimi anni, l\u2019Universit\u00e0 di Messina ha assunto una posizione sempre pi\u00f9 centrale per la formazione nei settori della ricerca. Potranno, cos\u00ec, continuare ad aumentare le immatricolazioni di studenti internazionali del nostro Ateneo, confermando un trend di crescita che, quest\u2019anno, ha visto l\u2019iscrizione ai percorsi di studio di circa 1.000 giovani extraeuropei\u201d.<\/p>\n","protected":false},"excerpt":{"rendered":"<p>Continuano incessantemente le attivit\u00e0 per una sempre maggiore internazionalizzazione dell\u2019Universit\u00e0 di Messina. Sono, infatti, due i progetti che in questi giorni vedono coinvolto il Prorettore, professor Antonino German\u00e0. Si tratta di Biotecno, che ha l\u2019obiettivo di contribuire al livello di internazionalizzazione dei sistemi di istruzione superiore siciliano e dei Paesi partner (Giordania, Marocco e Tunisia) [&hellip;]<\/p>\n","protected":false},"author":8,"featured_media":2303,"comment_status":"open","ping_status":"open","sticky":false,"template":"","format":"standard","meta":{"ub_ctt_via":"","_mi_skip_tracking":false},"categories":[7],"tags":[6928,6927,5804,6929,814],"featured_image_src":"https:\/\/www.messinaoggi.it\/website\/wp-content\/uploads\/2017\/06\/universita-me-2.jpg","author_info":{"display_name":"red..me","author_link":"https:\/\/www.messinaoggi.it\/website\/author\/redstage\/"},"digistream_id":0,"digistream":false,"_links":{"self":[{"href":"https:\/\/www.messinaoggi.it\/website\/wp-json\/wp\/v2\/posts\/145017"}],"collection":[{"href":"https:\/\/www.messinaoggi.it\/website\/wp-json\/wp\/v2\/posts"}],"about":[{"href":"https:\/\/www.messinaoggi.it\/website\/wp-json\/wp\/v2\/types\/post"}],"author":[{"embeddable":true,"href":"https:\/\/www.messinaoggi.it\/website\/wp-json\/wp\/v2\/users\/8"}],"replies":[{"embeddable":true,"href":"https:\/\/www.messinaoggi.it\/website\/wp-json\/wp\/v2\/comments?post=145017"}],"version-history":[{"count":1,"href":"https:\/\/www.messinaoggi.it\/website\/wp-json\/wp\/v2\/posts\/145017\/revisions"}],"predecessor-version":[{"id":145018,"href":"https:\/\/www.messinaoggi.it\/website\/wp-json\/wp\/v2\/posts\/145017\/revisions\/145018"}],"wp:featuredmedia":[{"embeddable":true,"href":"https:\/\/www.messinaoggi.it\/website\/wp-json\/wp\/v2\/media\/2303"}],"wp:attachment":[{"href":"https:\/\/www.messinaoggi.it\/website\/wp-json\/wp\/v2\/media?parent=145017"}],"wp:term":[{"taxonomy":"category","embeddable":true,"href":"https:\/\/www.messinaoggi.it\/website\/wp-json\/wp\/v2\/categories?post=145017"},{"taxonomy":"post_tag","embeddable":true,"href":"https:\/\/www.messinaoggi.it\/website\/wp-json\/wp\/v2\/tags?post=145017"}],"curies":[{"name":"wp","href":"https:\/\/api.w.org\/{rel}","templated":true}]}}