{"id":14500,"date":"2018-01-19T10:37:13","date_gmt":"2018-01-19T09:37:13","guid":{"rendered":"http:\/\/www.messinaoggi.it\/website\/?p=14500"},"modified":"2018-01-19T10:37:13","modified_gmt":"2018-01-19T09:37:13","slug":"il-colonnello-messinese-russo-assume-il-comando-del-piemonte-cavalleria","status":"publish","type":"post","link":"https:\/\/www.messinaoggi.it\/website\/2018\/01\/19\/il-colonnello-messinese-russo-assume-il-comando-del-piemonte-cavalleria\/","title":{"rendered":"Il colonnello messinese Russo assume il comando del Piemonte Cavalleria"},"content":{"rendered":"<p>Prestigioso incarico per il colonnello messinese <strong>Giuseppe Russo, <\/strong>il quale<strong>\u00a0<\/strong>assume il comando del Piemonte Cavalleria. Il passaggio delle consegne ufficiale s&#8217;\u00e8 tenuto nei gironi scorsi a Torino.<br \/>\nS&#8217;\u00e8 infatti tenuta la visita di congedo e allo stesso tempo di presentazione questa mattina (marted\u00ec 16 gennaio) nel salotto azzurro del Comune di Trieste, dove\u00a0<strong>il sindaco ha ricevuto il colonnello Stefano Santoro<\/strong>, che<strong>\u00a0lascia il comando del Piemonte Cavalleria e il suo successore<\/strong>, i<strong>l colonnello Giuseppe Russo<\/strong>\u00a0che proviene dallo Stato Maggiore dell&#8217;Esercito di Roma e che da gioved\u00ec 18 gennaio, dopo la tradizionale cerimonia di passaggio delle consegne, sar\u00e0 chiamato a guidare lo storico Reggimento.<br \/>\nNel corso del cordiale incontro sono stati ribaditi i positivi\u00a0<strong>rapporti di collaborazione e amicizia tra la citt\u00e0 e il Piemonte Cavalleria<\/strong>, sorto il 23 luglio 1692 per volont\u00e0 del duca di Piemonte Vittorio Amedeo II e affidato al marchese Filippo Giacinto Gontery di Cavagli\u00e0.<br \/>\nDall&#8217;originario Piemonte il reggimento si trasferisce a Trieste il 30 settembre del 1956, nella caserma Vittorio Emanuele di via Rossetti e dal 1964 viene dislocato nella caserma \u201cGuido Brunner\u201d di Opicina. Il Reggimento ha partecipato a numerose operazioni in Italia e all&#8217;estero e a importanti missioni di pace. Lo stendardo del Piemonte Cavalleria si fregia di due medaglie d&#8217;argento al valori militare e due medagli di bronzo rispettivamente al valor militare e al valore dell&#8217;esercito.<br \/>\n <div id=\"div-gpt-ad-Messinaoggi.it-DSK-300x250-corpoart\" style=\"text-align:center;margin:0 auto;\"><\/div><\/p>\n<div id=\"videoincontent\" style=\"clear:both\";><\/div>","protected":false},"excerpt":{"rendered":"<p>Prestigioso incarico per il colonnello messinese Giuseppe Russo, il quale\u00a0assume il comando del Piemonte Cavalleria. Il passaggio delle consegne ufficiale s&#8217;\u00e8 tenuto nei gironi scorsi a Torino. S&#8217;\u00e8 infatti tenuta la visita di congedo e allo stesso tempo di presentazione questa mattina (marted\u00ec 16 gennaio) nel salotto azzurro del Comune di Trieste, dove\u00a0il sindaco ha [&hellip;]<\/p>\n","protected":false},"author":2,"featured_media":14501,"comment_status":"closed","ping_status":"open","sticky":false,"template":"","format":"standard","meta":{"ub_ctt_via":"","_mi_skip_tracking":false},"categories":[5],"tags":[],"featured_image_src":"https:\/\/www.messinaoggi.it\/website\/wp-content\/uploads\/2018\/01\/Piemonte-Cavalleria-2-1.jpg","author_info":{"display_name":"Redazione","author_link":"https:\/\/www.messinaoggi.it\/website\/author\/redazione\/"},"digistream_id":0,"digistream":false,"_links":{"self":[{"href":"https:\/\/www.messinaoggi.it\/website\/wp-json\/wp\/v2\/posts\/14500"}],"collection":[{"href":"https:\/\/www.messinaoggi.it\/website\/wp-json\/wp\/v2\/posts"}],"about":[{"href":"https:\/\/www.messinaoggi.it\/website\/wp-json\/wp\/v2\/types\/post"}],"author":[{"embeddable":true,"href":"https:\/\/www.messinaoggi.it\/website\/wp-json\/wp\/v2\/users\/2"}],"replies":[{"embeddable":true,"href":"https:\/\/www.messinaoggi.it\/website\/wp-json\/wp\/v2\/comments?post=14500"}],"version-history":[{"count":0,"href":"https:\/\/www.messinaoggi.it\/website\/wp-json\/wp\/v2\/posts\/14500\/revisions"}],"wp:featuredmedia":[{"embeddable":true,"href":"https:\/\/www.messinaoggi.it\/website\/wp-json\/wp\/v2\/media\/14501"}],"wp:attachment":[{"href":"https:\/\/www.messinaoggi.it\/website\/wp-json\/wp\/v2\/media?parent=14500"}],"wp:term":[{"taxonomy":"category","embeddable":true,"href":"https:\/\/www.messinaoggi.it\/website\/wp-json\/wp\/v2\/categories?post=14500"},{"taxonomy":"post_tag","embeddable":true,"href":"https:\/\/www.messinaoggi.it\/website\/wp-json\/wp\/v2\/tags?post=14500"}],"curies":[{"name":"wp","href":"https:\/\/api.w.org\/{rel}","templated":true}]}}