{"id":144947,"date":"2023-03-05T13:07:54","date_gmt":"2023-03-05T12:07:54","guid":{"rendered":"https:\/\/www.messinaoggi.it\/website\/2023\/03\/05\/immigrazione-papa-mai-piu-viaggi-della-morte\/"},"modified":"2023-03-05T13:07:54","modified_gmt":"2023-03-05T12:07:54","slug":"immigrazione-papa-mai-piu-viaggi-della-morte","status":"publish","type":"post","link":"https:\/\/www.messinaoggi.it\/website\/2023\/03\/05\/immigrazione-papa-mai-piu-viaggi-della-morte\/","title":{"rendered":"Immigrazione, Papa \u201cMai pi\u00f9 viaggi della morte\u201d"},"content":{"rendered":"<div>ROMA (ITALPRESS) &#8211; &#8220;Esprimo il mio dolore per tragedia nelle acque di Cutro presso Crotone. Prego per le numerose vittime del naufragio, per i loro familiari e per quanti sono sopravvissuti. Manifesto il mio apprezzamento e gratitudine alla popolazione locale e alle istituzioni per la solidariet\u00e0 e l&#8217;accoglienza verso questi nostri fratelli e sorelle. Rinnovo a tutti il mio appello affinch\u00e8 non si ripetano simili tragedie&#8221;. Cos\u00ec Papa Francesco rivolgendosi alla folla in piazza San Pietro al termine della recita dell&#8217;Angelus. &#8220;I trafficanti di esseri umani siano fermati, non continuino a disporre della vita di tanti innocenti. I viaggi della speranza non si trasformino mai pi\u00f9 in viaggi della morte. Le limpdide acque del Mediterraneo non siano pi\u00f9 insanguinate da tali drammatici incidenti. Che il Signore ci dia la forza di capire e di piangere&#8221;, ha aggiunto il Santo Padre.<br \/>(ITALPRESS).<br \/>-foto agenziafotogramma.it-<\/div>\n<div id=\"div-gpt-ad-Messinaoggi.it-DSK-300x250-corpoart\" style=\"text-align:center;margin:0 auto;\"><\/div><\/p><div id=\"videoincontent\" style=\"clear:both\";><\/div>","protected":false},"excerpt":{"rendered":"<p>ROMA (ITALPRESS) &#8211; &#8220;Esprimo il mio dolore per tragedia nelle acque di Cutro presso Crotone. Prego per le numerose vittime del naufragio, per i loro familiari e per quanti sono sopravvissuti. Manifesto il mio apprezzamento e gratitudine alla popolazione locale e alle istituzioni per la solidariet\u00e0 e l&#8217;accoglienza verso questi nostri fratelli e sorelle. Rinnovo [&hellip;]<\/p>\n","protected":false},"author":18,"featured_media":144948,"comment_status":"closed","ping_status":"closed","sticky":false,"template":"","format":"standard","meta":{"ub_ctt_via":"","_mi_skip_tracking":false},"categories":[446],"tags":[783],"featured_image_src":"https:\/\/www.messinaoggi.it\/website\/wp-content\/uploads\/2023\/03\/20230305_0292.jpg","author_info":{"display_name":"Admin","author_link":"https:\/\/www.messinaoggi.it\/website\/author\/admin\/"},"digistream_id":0,"digistream":false,"_links":{"self":[{"href":"https:\/\/www.messinaoggi.it\/website\/wp-json\/wp\/v2\/posts\/144947"}],"collection":[{"href":"https:\/\/www.messinaoggi.it\/website\/wp-json\/wp\/v2\/posts"}],"about":[{"href":"https:\/\/www.messinaoggi.it\/website\/wp-json\/wp\/v2\/types\/post"}],"author":[{"embeddable":true,"href":"https:\/\/www.messinaoggi.it\/website\/wp-json\/wp\/v2\/users\/18"}],"replies":[{"embeddable":true,"href":"https:\/\/www.messinaoggi.it\/website\/wp-json\/wp\/v2\/comments?post=144947"}],"version-history":[{"count":0,"href":"https:\/\/www.messinaoggi.it\/website\/wp-json\/wp\/v2\/posts\/144947\/revisions"}],"wp:featuredmedia":[{"embeddable":true,"href":"https:\/\/www.messinaoggi.it\/website\/wp-json\/wp\/v2\/media\/144948"}],"wp:attachment":[{"href":"https:\/\/www.messinaoggi.it\/website\/wp-json\/wp\/v2\/media?parent=144947"}],"wp:term":[{"taxonomy":"category","embeddable":true,"href":"https:\/\/www.messinaoggi.it\/website\/wp-json\/wp\/v2\/categories?post=144947"},{"taxonomy":"post_tag","embeddable":true,"href":"https:\/\/www.messinaoggi.it\/website\/wp-json\/wp\/v2\/tags?post=144947"}],"curies":[{"name":"wp","href":"https:\/\/api.w.org\/{rel}","templated":true}]}}