{"id":144943,"date":"2023-03-05T13:07:51","date_gmt":"2023-03-05T12:07:51","guid":{"rendered":"https:\/\/www.messinaoggi.it\/website\/2023\/03\/05\/lagarde-probabile-rialzo-tassi-di-50-punti-risoluti-su-inflazione\/"},"modified":"2023-03-05T13:07:51","modified_gmt":"2023-03-05T12:07:51","slug":"lagarde-probabile-rialzo-tassi-di-50-punti-risoluti-su-inflazione","status":"publish","type":"post","link":"https:\/\/www.messinaoggi.it\/website\/2023\/03\/05\/lagarde-probabile-rialzo-tassi-di-50-punti-risoluti-su-inflazione\/","title":{"rendered":"Lagarde \u201cProbabile rialzo tassi di 50 punti, risoluti su inflazione\u201d"},"content":{"rendered":"<div>ROMA (ITALPRESS) &#8211; &#8220;E&#8217; molto probabile che alzeremo i tassi di interesse di 50 punti base. Questa \u00e8 stata una decisione indicata durante la nostra ultima riunione di politica monetaria e tutti i numeri che abbiamo visto negli ultimi giorni confermano che questo rialzo dei tassi di interesse \u00e8 molto, molto probabile&#8221;.<br \/>\nCos\u00ec il presidente della Banca centrale europea, Christine Lagarde, in un&#8217;intervista al gruppo spagnolo Vocento.<br \/>\nQuanto all&#8217;inflazione &#8220;in primo luogo, vorrei sottolineare che l&#8217;inflazione complessiva \u00e8 diminuita negli ultimi mesi e continuer\u00e0 a diminuire nei prossimi mesi. L&#8217;inflazione core, che nell&#8217;eurozona esclude energia e alimentari, \u00e8 troppo alta. La strada da seguire \u00e8 chiara: dobbiamo continuare a prendere le misure necessarie per riportare l&#8217;inflazione al 2%. E lo faremo&#8221;, sottolinea Lagrade. &#8220;Dipendiamo dai dati. Molti governatori fanno suggerimenti o previsioni e danno la loro opinione e analisi personale. Come Presidente della BCE devo concentrarmi sul processo decisionale, che deve tenere conto dei dati. Questi includono le nostre proiezioni macroeconomiche, i dati pi\u00f9 recenti e l&#8217;impatto delle nostre misure nel tempo. E, naturalmente, le opinioni di tutti i governatori del Consiglio direttivo. Quello di cui sono certo \u00e8 che torneremo tempestivamente al nostro obiettivo del 2% e che saremo risoluti e determinati nel farlo&#8221;, conclude la presidente della Bce.<br \/>\n(ITALPRESS).<br \/>\n-foto agenziafotogramma.it-<\/div>\n<div id=\"div-gpt-ad-Messinaoggi.it-DSK-300x250-corpoart\" style=\"text-align:center;margin:0 auto;\"><\/div><\/p><div id=\"videoincontent\" style=\"clear:both\";><\/div>","protected":false},"excerpt":{"rendered":"<p>ROMA (ITALPRESS) &#8211; &#8220;E&#8217; molto probabile che alzeremo i tassi di interesse di 50 punti base. Questa \u00e8 stata una decisione indicata durante la nostra ultima riunione di politica monetaria e tutti i numeri che abbiamo visto negli ultimi giorni confermano che questo rialzo dei tassi di interesse \u00e8 molto, molto probabile&#8221;. Cos\u00ec il presidente [&hellip;]<\/p>\n","protected":false},"author":18,"featured_media":144944,"comment_status":"closed","ping_status":"closed","sticky":false,"template":"","format":"standard","meta":{"ub_ctt_via":"","_mi_skip_tracking":false},"categories":[446],"tags":[783],"featured_image_src":"https:\/\/www.messinaoggi.it\/website\/wp-content\/uploads\/2023\/03\/20230305_0247.jpg","author_info":{"display_name":"Admin","author_link":"https:\/\/www.messinaoggi.it\/website\/author\/admin\/"},"digistream_id":0,"digistream":false,"_links":{"self":[{"href":"https:\/\/www.messinaoggi.it\/website\/wp-json\/wp\/v2\/posts\/144943"}],"collection":[{"href":"https:\/\/www.messinaoggi.it\/website\/wp-json\/wp\/v2\/posts"}],"about":[{"href":"https:\/\/www.messinaoggi.it\/website\/wp-json\/wp\/v2\/types\/post"}],"author":[{"embeddable":true,"href":"https:\/\/www.messinaoggi.it\/website\/wp-json\/wp\/v2\/users\/18"}],"replies":[{"embeddable":true,"href":"https:\/\/www.messinaoggi.it\/website\/wp-json\/wp\/v2\/comments?post=144943"}],"version-history":[{"count":0,"href":"https:\/\/www.messinaoggi.it\/website\/wp-json\/wp\/v2\/posts\/144943\/revisions"}],"wp:featuredmedia":[{"embeddable":true,"href":"https:\/\/www.messinaoggi.it\/website\/wp-json\/wp\/v2\/media\/144944"}],"wp:attachment":[{"href":"https:\/\/www.messinaoggi.it\/website\/wp-json\/wp\/v2\/media?parent=144943"}],"wp:term":[{"taxonomy":"category","embeddable":true,"href":"https:\/\/www.messinaoggi.it\/website\/wp-json\/wp\/v2\/categories?post=144943"},{"taxonomy":"post_tag","embeddable":true,"href":"https:\/\/www.messinaoggi.it\/website\/wp-json\/wp\/v2\/tags?post=144943"}],"curies":[{"name":"wp","href":"https:\/\/api.w.org\/{rel}","templated":true}]}}