{"id":144924,"date":"2023-03-05T09:36:28","date_gmt":"2023-03-05T08:36:28","guid":{"rendered":"http:\/\/www.messinaoggi.it\/website\/?p=144924"},"modified":"2023-03-05T09:46:53","modified_gmt":"2023-03-05T08:46:53","slug":"franco-de-domenico-riparte-con-lassociazionismo-civico","status":"publish","type":"post","link":"https:\/\/www.messinaoggi.it\/website\/2023\/03\/05\/franco-de-domenico-riparte-con-lassociazionismo-civico\/","title":{"rendered":"Franco De Domenico riparte con l&#8217;associazionismo civico"},"content":{"rendered":"\n<p>Aveva lasciato polemicamente il Pd dopo la rinuncia alla candidatura a deputato regionale, adesso ritorna in pista con un nuovo soggetto che punta all&#8217;associazionismo civico.<div id=\"div-gpt-ad-Messinaoggi.it-DSK-300x250-corpoart\" style=\"text-align:center;margin:0 auto;\"><\/div><\/p>\n\n\n\n<p><strong>Franco De Domenico<\/strong> torna in campo e lo fa con la presentazione del nuovo soggetto politico &#8220;<strong>Territorio e Partecipazione<\/strong>&#8220;. Il lancio si \u00e8 tenuto ieri a Giostra, una scelta non casuale. De Domenico vuole ripartire dai territori, quelli dimenticati dalla politica.<div id=\"videoincontent\" style=\"clear:both\";><\/div><\/p>\n\n\n\n<figure class=\"wp-block-image size-large\"><img loading=\"lazy\" width=\"566\" height=\"504\" src=\"http:\/\/www.messinaoggi.it\/website\/wp-content\/uploads\/2023\/03\/terriorio-5.jpg\" alt=\"\" class=\"wp-image-144925\" srcset=\"https:\/\/www.messinaoggi.it\/website\/wp-content\/uploads\/2023\/03\/terriorio-5.jpg 566w, https:\/\/www.messinaoggi.it\/website\/wp-content\/uploads\/2023\/03\/terriorio-5-300x267.jpg 300w\" sizes=\"(max-width: 566px) 100vw, 566px\" \/><figcaption><strong>Franco De Domenico durante il suo intervento<\/strong><\/figcaption><\/figure>\n\n\n\n<p>&#8220;<em>Nei giorni che hanno preceduto questo incontro, ho incontrato tanti amici e tante persone comuni, come sempre avviene nelle mie giornate, e mi sono state poste alcune domande. Come mai questa iniziativa? Perch\u00e8 si chiama cos\u00ec? Cosa volete fare? E\u2019 una iniziativa di carattere politico\/partitico? Quali sono gli obiettivi? Cercher\u00f2 di dare alcune risposte. Inizierei perch\u00e9 siamo qui a Giostra, perch\u00e9 questo \u00e8 un luogo simbolo delle contraddizioni di questa citt\u00e0: un luogo dove ci sono tante difficolt\u00e0 ma dove tante persone operando insieme riescono a dare tante risposte, tante risposte straordinari che ci insegnano come per contribuire a risolvere i problemi non bisogna piangersi addosso, ma bisogna darsi da fare e contribuire ciascuno secondo le proprie possibilit\u00e0<\/em>&#8220;.<\/p>\n\n\n\n<p>E&#8217; quanto affermato da De Domenico nella sua relazione.<\/p>\n\n\n\n<p>Alla convention di presentazione del nuovo soggetto politico non sono passate inosservate le presenze di <strong>numerosi soggetti provenienti dal Partito democratico<\/strong>. Si tratta di un movimento moderato che punta all&#8217;aggregazione.<\/p>\n","protected":false},"excerpt":{"rendered":"<p>Aveva lasciato polemicamente il Pd dopo la rinuncia alla candidatura a deputato regionale, adesso ritorna in pista con un nuovo soggetto che punta all&#8217;associazionismo civico. Franco De Domenico torna in campo e lo fa con la presentazione del nuovo soggetto politico &#8220;Territorio e Partecipazione&#8220;. Il lancio si \u00e8 tenuto ieri a Giostra, una scelta non [&hellip;]<\/p>\n","protected":false},"author":2,"featured_media":144926,"comment_status":"open","ping_status":"open","sticky":false,"template":"","format":"standard","meta":{"ub_ctt_via":"","_mi_skip_tracking":false},"categories":[19],"tags":[6909,2059,249,6908],"featured_image_src":"https:\/\/www.messinaoggi.it\/website\/wp-content\/uploads\/2023\/03\/territorio-1.jpg","author_info":{"display_name":"Redazione","author_link":"https:\/\/www.messinaoggi.it\/website\/author\/redazione\/"},"digistream_id":0,"digistream":false,"_links":{"self":[{"href":"https:\/\/www.messinaoggi.it\/website\/wp-json\/wp\/v2\/posts\/144924"}],"collection":[{"href":"https:\/\/www.messinaoggi.it\/website\/wp-json\/wp\/v2\/posts"}],"about":[{"href":"https:\/\/www.messinaoggi.it\/website\/wp-json\/wp\/v2\/types\/post"}],"author":[{"embeddable":true,"href":"https:\/\/www.messinaoggi.it\/website\/wp-json\/wp\/v2\/users\/2"}],"replies":[{"embeddable":true,"href":"https:\/\/www.messinaoggi.it\/website\/wp-json\/wp\/v2\/comments?post=144924"}],"version-history":[{"count":2,"href":"https:\/\/www.messinaoggi.it\/website\/wp-json\/wp\/v2\/posts\/144924\/revisions"}],"predecessor-version":[{"id":144937,"href":"https:\/\/www.messinaoggi.it\/website\/wp-json\/wp\/v2\/posts\/144924\/revisions\/144937"}],"wp:featuredmedia":[{"embeddable":true,"href":"https:\/\/www.messinaoggi.it\/website\/wp-json\/wp\/v2\/media\/144926"}],"wp:attachment":[{"href":"https:\/\/www.messinaoggi.it\/website\/wp-json\/wp\/v2\/media?parent=144924"}],"wp:term":[{"taxonomy":"category","embeddable":true,"href":"https:\/\/www.messinaoggi.it\/website\/wp-json\/wp\/v2\/categories?post=144924"},{"taxonomy":"post_tag","embeddable":true,"href":"https:\/\/www.messinaoggi.it\/website\/wp-json\/wp\/v2\/tags?post=144924"}],"curies":[{"name":"wp","href":"https:\/\/api.w.org\/{rel}","templated":true}]}}