{"id":144886,"date":"2023-03-04T16:07:53","date_gmt":"2023-03-04T15:07:53","guid":{"rendered":"https:\/\/www.messinaoggi.it\/website\/2023\/03\/04\/inzaghi-carica-linter-voglio-una-reazione-da-grandi-uomini\/"},"modified":"2023-03-04T16:07:53","modified_gmt":"2023-03-04T15:07:53","slug":"inzaghi-carica-linter-voglio-una-reazione-da-grandi-uomini","status":"publish","type":"post","link":"https:\/\/www.messinaoggi.it\/website\/2023\/03\/04\/inzaghi-carica-linter-voglio-una-reazione-da-grandi-uomini\/","title":{"rendered":"Inzaghi carica l\u2019Inter \u201cVoglio una reazione da grandi uomini\u201d"},"content":{"rendered":"<div>MILANO (ITALPRESS) &#8211; &#8220;Arriviamo a questa sfida arrabbiati per l&#8217;ultimo risultato, non vediamo l&#8217;ora di tornare in campo. Abbiamo analizzato gli errori commessi. Servir\u00e0 tanta concentrazione, dovremo usare la testa: ci aspetta un match difficile, ma mi aspetto una reazione da grandi uomini e da grande gruppo, che \u00e8 ci\u00f2 che siamo&#8221;. Cos\u00ec Simone Inzaghi alla vigilia del match casalingo contro il Lecce, una sfida che arriva dopo il ko di misura in casa del Bologna. &#8220;Di fronte troveremo una squadra in salute, che gioca un ottimo calcio: il Lecce sta facendo un ottimo campionato, dovremo prestare molta attenzione, le partite sono tutte difficili, questa stagione lo sta dimostrando&#8221;, spiega Inzaghi che ha grande fiducia nei suoi ragazzi. &#8220;Il nostro \u00e8 un gruppo unito e la dimostrazione \u00e8 data dalla disponibilit\u00e0 che ho sempre avuto da parte di tutti i giocatori: ci sono sempre squalifiche e infortuni e di volta in volta diversi giocatori hanno cambiato ruolo, ho sempre trovato ottime risposte&#8221;. <br \/>Napoli lontanissimo, obiettivo scudetto che sembra ormai sfumato, Inzaghi ne \u00e8 consapevole, ma sottolinea: &#8220;In campionato sicuramente potevamo fare meglio, in questi 18 mesi comunque abbiamo fatto delle buone cose e dobbiamo prendere il meglio di quanto espresso&#8221;.<br \/>&#8211; foto LivePhotoSport &#8211; <br \/>(ITALPRESS).<\/div>\n<div id=\"div-gpt-ad-Messinaoggi.it-DSK-300x250-corpoart\" style=\"text-align:center;margin:0 auto;\"><\/div><\/p><div id=\"videoincontent\" style=\"clear:both\";><\/div>","protected":false},"excerpt":{"rendered":"<p>MILANO (ITALPRESS) &#8211; &#8220;Arriviamo a questa sfida arrabbiati per l&#8217;ultimo risultato, non vediamo l&#8217;ora di tornare in campo. Abbiamo analizzato gli errori commessi. Servir\u00e0 tanta concentrazione, dovremo usare la testa: ci aspetta un match difficile, ma mi aspetto una reazione da grandi uomini e da grande gruppo, che \u00e8 ci\u00f2 che siamo&#8221;. Cos\u00ec Simone Inzaghi [&hellip;]<\/p>\n","protected":false},"author":18,"featured_media":144887,"comment_status":"closed","ping_status":"closed","sticky":false,"template":"","format":"standard","meta":{"ub_ctt_via":"","_mi_skip_tracking":false},"categories":[446],"tags":[783],"featured_image_src":"https:\/\/www.messinaoggi.it\/website\/wp-content\/uploads\/2023\/03\/20230304_1089.jpg","author_info":{"display_name":"Admin","author_link":"https:\/\/www.messinaoggi.it\/website\/author\/admin\/"},"digistream_id":0,"digistream":false,"_links":{"self":[{"href":"https:\/\/www.messinaoggi.it\/website\/wp-json\/wp\/v2\/posts\/144886"}],"collection":[{"href":"https:\/\/www.messinaoggi.it\/website\/wp-json\/wp\/v2\/posts"}],"about":[{"href":"https:\/\/www.messinaoggi.it\/website\/wp-json\/wp\/v2\/types\/post"}],"author":[{"embeddable":true,"href":"https:\/\/www.messinaoggi.it\/website\/wp-json\/wp\/v2\/users\/18"}],"replies":[{"embeddable":true,"href":"https:\/\/www.messinaoggi.it\/website\/wp-json\/wp\/v2\/comments?post=144886"}],"version-history":[{"count":0,"href":"https:\/\/www.messinaoggi.it\/website\/wp-json\/wp\/v2\/posts\/144886\/revisions"}],"wp:featuredmedia":[{"embeddable":true,"href":"https:\/\/www.messinaoggi.it\/website\/wp-json\/wp\/v2\/media\/144887"}],"wp:attachment":[{"href":"https:\/\/www.messinaoggi.it\/website\/wp-json\/wp\/v2\/media?parent=144886"}],"wp:term":[{"taxonomy":"category","embeddable":true,"href":"https:\/\/www.messinaoggi.it\/website\/wp-json\/wp\/v2\/categories?post=144886"},{"taxonomy":"post_tag","embeddable":true,"href":"https:\/\/www.messinaoggi.it\/website\/wp-json\/wp\/v2\/tags?post=144886"}],"curies":[{"name":"wp","href":"https:\/\/api.w.org\/{rel}","templated":true}]}}