{"id":144859,"date":"2023-03-04T15:07:53","date_gmt":"2023-03-04T14:07:53","guid":{"rendered":"https:\/\/www.messinaoggi.it\/website\/2023\/03\/04\/squalifica-sospesa-mourinho-in-panchina-per-roma-juve\/"},"modified":"2023-03-04T15:07:53","modified_gmt":"2023-03-04T14:07:53","slug":"squalifica-sospesa-mourinho-in-panchina-per-roma-juve","status":"publish","type":"post","link":"https:\/\/www.messinaoggi.it\/website\/2023\/03\/04\/squalifica-sospesa-mourinho-in-panchina-per-roma-juve\/","title":{"rendered":"Squalifica sospesa, Mourinho in panchina per Roma-Juve"},"content":{"rendered":"<div>ROMA (ITALPRESS) &#8211; Jos\u00e8 Mourinho sar\u00e0 regolarmente in panchina domani sera all&#8217;Olimpico per la sfida fra Roma e Juventus. Espulso nella gara di marted\u00ec a Cremona dopo il diverbio col quarto uomo Serra, il tecnico portoghese era stato squalificato per due giornate ma, a seguito del ricorso d&#8217;urgenza presentato dalla societ\u00e0 giallorossa, la Corte sportiva d&#8217;appello &#8211; ritenendo necessaria l&#8217;acquisizione degli atti di indagine da parte della Procura Federale &#8211; ha disposto una sospensiva sull&#8217;efficacia della sanzione fino all&#8217;udienza di rinvio fissata per il giorno 10 marzo alle 14.30. Il tecnico giallorosso era stato sanzionato (anche con un&#8217;ammenda di 10 mila euro) dal giudice sportivo &#8220;per aver contestato con veemenza e atteggiamento provocatorio una decisione arbitrale, reiterando tale comportamento all&#8217;atto del provvedimento di espulsione e per avere inoltre &#8211; al termine della gara, entrando, seppur autorizzato, nello spogliatoio arbitrale &#8211; rivolto al quarto ufficiale espressioni ed illazioni gravemente offensive&#8221;. Nel post partita lo Special One aveva accusato Serra di essersi rivolto in modo offensivo nei suoi confronti e gioved\u00ec era stato sentito per circa 45 minuti dalla Procura federale. &#8220;Non sono pazzo, per avere una reazione del genere \u00e8 perch\u00e8 qualcosa \u00e8 successo. Devo capire se posso fare qualcosa dal punto di vista legale&#8221;, aveva detto nel dettaglio Mourinho marted\u00ec. Allegri, nella conferenza stampa della vigilia, aveva auspicato la sospensione della squalifica: &#8220;Spero domani di vederlo in campo, per me un allenatore quando \u00e8 buttato fuori durante una partita deve essere solo multato&#8221;.<br \/>&#8211; foto Image &#8211; <br \/>(ITALPRESS).<\/div>\n<div id=\"div-gpt-ad-Messinaoggi.it-DSK-300x250-corpoart\" style=\"text-align:center;margin:0 auto;\"><\/div><\/p><div id=\"videoincontent\" style=\"clear:both\";><\/div>","protected":false},"excerpt":{"rendered":"<p>ROMA (ITALPRESS) &#8211; Jos\u00e8 Mourinho sar\u00e0 regolarmente in panchina domani sera all&#8217;Olimpico per la sfida fra Roma e Juventus. Espulso nella gara di marted\u00ec a Cremona dopo il diverbio col quarto uomo Serra, il tecnico portoghese era stato squalificato per due giornate ma, a seguito del ricorso d&#8217;urgenza presentato dalla societ\u00e0 giallorossa, la Corte sportiva [&hellip;]<\/p>\n","protected":false},"author":18,"featured_media":144860,"comment_status":"closed","ping_status":"closed","sticky":false,"template":"","format":"standard","meta":{"ub_ctt_via":"","_mi_skip_tracking":false},"categories":[446],"tags":[783],"featured_image_src":"https:\/\/www.messinaoggi.it\/website\/wp-content\/uploads\/2023\/03\/20230304_0950.jpg","author_info":{"display_name":"Admin","author_link":"https:\/\/www.messinaoggi.it\/website\/author\/admin\/"},"digistream_id":0,"digistream":false,"_links":{"self":[{"href":"https:\/\/www.messinaoggi.it\/website\/wp-json\/wp\/v2\/posts\/144859"}],"collection":[{"href":"https:\/\/www.messinaoggi.it\/website\/wp-json\/wp\/v2\/posts"}],"about":[{"href":"https:\/\/www.messinaoggi.it\/website\/wp-json\/wp\/v2\/types\/post"}],"author":[{"embeddable":true,"href":"https:\/\/www.messinaoggi.it\/website\/wp-json\/wp\/v2\/users\/18"}],"replies":[{"embeddable":true,"href":"https:\/\/www.messinaoggi.it\/website\/wp-json\/wp\/v2\/comments?post=144859"}],"version-history":[{"count":0,"href":"https:\/\/www.messinaoggi.it\/website\/wp-json\/wp\/v2\/posts\/144859\/revisions"}],"wp:featuredmedia":[{"embeddable":true,"href":"https:\/\/www.messinaoggi.it\/website\/wp-json\/wp\/v2\/media\/144860"}],"wp:attachment":[{"href":"https:\/\/www.messinaoggi.it\/website\/wp-json\/wp\/v2\/media?parent=144859"}],"wp:term":[{"taxonomy":"category","embeddable":true,"href":"https:\/\/www.messinaoggi.it\/website\/wp-json\/wp\/v2\/categories?post=144859"},{"taxonomy":"post_tag","embeddable":true,"href":"https:\/\/www.messinaoggi.it\/website\/wp-json\/wp\/v2\/tags?post=144859"}],"curies":[{"name":"wp","href":"https:\/\/api.w.org\/{rel}","templated":true}]}}