{"id":144773,"date":"2023-03-04T09:07:51","date_gmt":"2023-03-04T08:07:51","guid":{"rendered":"https:\/\/www.messinaoggi.it\/website\/2023\/03\/04\/valditara-la-mia-scuola-e-aperta-no-a-violenza-e-prevaricazione\/"},"modified":"2023-03-04T09:07:51","modified_gmt":"2023-03-04T08:07:51","slug":"valditara-la-mia-scuola-e-aperta-no-a-violenza-e-prevaricazione","status":"publish","type":"post","link":"https:\/\/www.messinaoggi.it\/website\/2023\/03\/04\/valditara-la-mia-scuola-e-aperta-no-a-violenza-e-prevaricazione\/","title":{"rendered":"Valditara \u201cLa mia scuola \u00e8 aperta, no a violenza e prevaricazione\u201d"},"content":{"rendered":"<div>MILANO (ITALPRESS) &#8211; &#8220;Nella scuola che vogliamo non c&#8217;\u00e8 spazio per la violenza&#8221;. Lo dice il ministro dell&#8217;Istruzione e del Merito Giuseppe Valditara in una intervista a &#8220;QN&#8221; alla vigilia della manifestazione di Firenze, per poi aggiungere &#8220;non ho bisogno di dare prove del mio antifascismo, lo dimostrano i miei libri, i miei atti, la mia vita&#8221;. Poi manda un messaggio per la manifestazione di Firenze: &#8220;Ben venga qualunque manifestazione che dia voce alle idee e alimenti un dibattito democratico. Per parte mia raccolgo e rilancio l&#8217;invito del sindaco Nardella per un confronto con lui sui temi dell&#8217;antifascismo, dell&#8217;antisemitismo, di tutti i razzismi, della democrazia e della libert\u00e0 di opinione: organizziamolo presto. Un confronto che deve essere franco, onesto e sereno&#8221;. Sulle polemiche sulla sua mancata condanna della violenza al Liceo Michelangelo, dice. &#8220;La condanna della violenza \u00e8 per me talmente ovvia da non essere oggetto di discussione. Nella scuola che vogliamo non c&#8217;\u00e8 nessuno spazio per la violenza. L&#8217;ho detto da quando mi sono insediato: faremo ogni sforzo affinch\u00e8 diventi regola rispettata e condivisa. Nessuna indulgenza quindi per la violenza fisica n\u00e8 per ogni altra forma di prevaricazione, quale che sia la sua declinazione. E&#8217; una regola che deve valere per chiunque&#8221;.<br \/>\nValditara, quindi, spiega perch\u00e8 non ha condiviso la lettera della preside fiorentina &#8220;Non ho apprezzato l&#8217;invito della preside a &#8216;isolar\u00e8, &#8216;combattere culturalment\u00e8, &#8216;chiamare con il suo nom\u00e8, e dunque qualificare come fascista, chi d\u00e0 valore ai confini e alla identit\u00e0 di un popolo, parlando al riguardo di &#8216;disgustoso rigurgit\u00f2. Un conto \u00e8 fare queste affermazioni in una assemblea di un partito politico, un altro con la carta intestata di una scuola in una veste istituzionale. Invito tutti a riflettere. Questo non c&#8217;entra nulla con la libert\u00e0 di opinione. Questo a che fare con le fondamenta stesse della democrazia. Mi dispiace che alcuni non lo abbiamo capito. E ho detto che tutto ci\u00f2 non costituisce motivo per provvedimenti disciplinari: si questo punto \u00e8 stata montata contro di me una campagna di aggressione e di deformazione della realt\u00e0 oggettivamente inaccetabile&#8221;.<div id=\"div-gpt-ad-Messinaoggi.it-DSK-300x250-corpoart\" style=\"text-align:center;margin:0 auto;\"><\/div><\/p>\n<p>foto: agenziafotogramma.it<div id=\"videoincontent\" style=\"clear:both\";><\/div><\/p>\n<p>(ITALPRESS).<\/p><\/div>\n","protected":false},"excerpt":{"rendered":"<p>MILANO (ITALPRESS) &#8211; &#8220;Nella scuola che vogliamo non c&#8217;\u00e8 spazio per la violenza&#8221;. Lo dice il ministro dell&#8217;Istruzione e del Merito Giuseppe Valditara in una intervista a &#8220;QN&#8221; alla vigilia della manifestazione di Firenze, per poi aggiungere &#8220;non ho bisogno di dare prove del mio antifascismo, lo dimostrano i miei libri, i miei atti, la [&hellip;]<\/p>\n","protected":false},"author":18,"featured_media":144774,"comment_status":"closed","ping_status":"closed","sticky":false,"template":"","format":"standard","meta":{"ub_ctt_via":"","_mi_skip_tracking":false},"categories":[446],"tags":[783],"featured_image_src":"https:\/\/www.messinaoggi.it\/website\/wp-content\/uploads\/2023\/03\/20230304_0103-300x206-1.jpg","author_info":{"display_name":"Admin","author_link":"https:\/\/www.messinaoggi.it\/website\/author\/admin\/"},"digistream_id":0,"digistream":false,"_links":{"self":[{"href":"https:\/\/www.messinaoggi.it\/website\/wp-json\/wp\/v2\/posts\/144773"}],"collection":[{"href":"https:\/\/www.messinaoggi.it\/website\/wp-json\/wp\/v2\/posts"}],"about":[{"href":"https:\/\/www.messinaoggi.it\/website\/wp-json\/wp\/v2\/types\/post"}],"author":[{"embeddable":true,"href":"https:\/\/www.messinaoggi.it\/website\/wp-json\/wp\/v2\/users\/18"}],"replies":[{"embeddable":true,"href":"https:\/\/www.messinaoggi.it\/website\/wp-json\/wp\/v2\/comments?post=144773"}],"version-history":[{"count":0,"href":"https:\/\/www.messinaoggi.it\/website\/wp-json\/wp\/v2\/posts\/144773\/revisions"}],"wp:featuredmedia":[{"embeddable":true,"href":"https:\/\/www.messinaoggi.it\/website\/wp-json\/wp\/v2\/media\/144774"}],"wp:attachment":[{"href":"https:\/\/www.messinaoggi.it\/website\/wp-json\/wp\/v2\/media?parent=144773"}],"wp:term":[{"taxonomy":"category","embeddable":true,"href":"https:\/\/www.messinaoggi.it\/website\/wp-json\/wp\/v2\/categories?post=144773"},{"taxonomy":"post_tag","embeddable":true,"href":"https:\/\/www.messinaoggi.it\/website\/wp-json\/wp\/v2\/tags?post=144773"}],"curies":[{"name":"wp","href":"https:\/\/api.w.org\/{rel}","templated":true}]}}