{"id":14466,"date":"2018-01-18T15:28:13","date_gmt":"2018-01-18T14:28:13","guid":{"rendered":"http:\/\/www.messinaoggi.it\/website\/?p=14466"},"modified":"2018-01-18T15:28:13","modified_gmt":"2018-01-18T14:28:13","slug":"piazza-cairoli-il-prato-secco-le-scelte-sbagliate-di-bellantonec","status":"publish","type":"post","link":"https:\/\/www.messinaoggi.it\/website\/2018\/01\/18\/piazza-cairoli-il-prato-secco-le-scelte-sbagliate-di-bellantonec\/","title":{"rendered":"Piazza Cairoli, il prato secco. Le scelte sbagliate di Bellantone&amp;C."},"content":{"rendered":"<p>Le foto parlano da sole, come si dice in questi casi. Il manto erboso fatto collocare dall&#8217;Associazione Piazza Cairoli (costituita da pochi commercianti), presieduta da Marco Bellantone, \u00e8 lo specchio fedele delle scelte (sbagliate) di chi pensa di rappresentare la totalit\u00e0 dei commercianti della principale piazza cittadina.<br \/>\n<img loading=\"lazy\" class=\"size-medium wp-image-14470 alignright\" src=\"http:\/\/www.messinaoggi.it\/website\/wp-content\/uploads\/2018\/01\/D8EBF7E8-4EE2-40A6-AD31-649C88EE5CFD-300x225.jpeg\" alt=\"\" width=\"300\" height=\"225\" \/><br \/>\nFinite l&#8217;euforia del Natale, \u00e8 tempo di analisi e soprattutto di programmazione seria da parte di chi ha le proprie attivit\u00e0 a piazza Cairoli. L&#8217;Associazione di Bellantone ha preso l&#8217;impegno con l&#8217;amministrazione di prendersi cura delle aiuole, ma visti i risultati evidentemente nessuno si \u00e8 preso cura di quel manto erboso. Riferiscono alcuni commercianti della zona che l&#8217;impianto irriguo fatto collocare dall&#8217;amministrazioni non funziona da giorni.<br \/>\nIl risultato \u00e8 che il manto erboso oggi si presenta rinsecchito in alcune parti delle aiuole che avrebbero dovuto dare un tocco di colore ad una piazza che sembra essere tornata nel degrado pi\u00f9 totale.<div id=\"div-gpt-ad-Messinaoggi.it-DSK-300x250-corpoart\" style=\"text-align:center;margin:0 auto;\"><\/div><\/p>\n<div id=\"videoincontent\" style=\"clear:both\";><\/div>","protected":false},"excerpt":{"rendered":"<p>Le foto parlano da sole, come si dice in questi casi. Il manto erboso fatto collocare dall&#8217;Associazione Piazza Cairoli (costituita da pochi commercianti), presieduta da Marco Bellantone, \u00e8 lo specchio fedele delle scelte (sbagliate) di chi pensa di rappresentare la totalit\u00e0 dei commercianti della principale piazza cittadina. Finite l&#8217;euforia del Natale, \u00e8 tempo di analisi [&hellip;]<\/p>\n","protected":false},"author":2,"featured_media":14468,"comment_status":"closed","ping_status":"open","sticky":false,"template":"","format":"standard","meta":{"ub_ctt_via":"","_mi_skip_tracking":false},"categories":[6],"tags":[],"featured_image_src":"https:\/\/www.messinaoggi.it\/website\/wp-content\/uploads\/2018\/01\/ED7465FF-67B8-446C-9878-DA892CB11A14-1.jpeg","author_info":{"display_name":"Redazione","author_link":"https:\/\/www.messinaoggi.it\/website\/author\/redazione\/"},"digistream_id":0,"digistream":false,"_links":{"self":[{"href":"https:\/\/www.messinaoggi.it\/website\/wp-json\/wp\/v2\/posts\/14466"}],"collection":[{"href":"https:\/\/www.messinaoggi.it\/website\/wp-json\/wp\/v2\/posts"}],"about":[{"href":"https:\/\/www.messinaoggi.it\/website\/wp-json\/wp\/v2\/types\/post"}],"author":[{"embeddable":true,"href":"https:\/\/www.messinaoggi.it\/website\/wp-json\/wp\/v2\/users\/2"}],"replies":[{"embeddable":true,"href":"https:\/\/www.messinaoggi.it\/website\/wp-json\/wp\/v2\/comments?post=14466"}],"version-history":[{"count":0,"href":"https:\/\/www.messinaoggi.it\/website\/wp-json\/wp\/v2\/posts\/14466\/revisions"}],"wp:featuredmedia":[{"embeddable":true,"href":"https:\/\/www.messinaoggi.it\/website\/wp-json\/wp\/v2\/media\/14468"}],"wp:attachment":[{"href":"https:\/\/www.messinaoggi.it\/website\/wp-json\/wp\/v2\/media?parent=14466"}],"wp:term":[{"taxonomy":"category","embeddable":true,"href":"https:\/\/www.messinaoggi.it\/website\/wp-json\/wp\/v2\/categories?post=14466"},{"taxonomy":"post_tag","embeddable":true,"href":"https:\/\/www.messinaoggi.it\/website\/wp-json\/wp\/v2\/tags?post=14466"}],"curies":[{"name":"wp","href":"https:\/\/api.w.org\/{rel}","templated":true}]}}