{"id":14464,"date":"2018-01-18T14:32:27","date_gmt":"2018-01-18T13:32:27","guid":{"rendered":"http:\/\/www.messinaoggi.it\/website\/?p=14464"},"modified":"2018-01-18T14:32:27","modified_gmt":"2018-01-18T13:32:27","slug":"pascoli-crispi-finalmente-tutti-attorno-ad-un-tavolo-domani-sopralluogo-decisivo","status":"publish","type":"post","link":"https:\/\/www.messinaoggi.it\/website\/2018\/01\/18\/pascoli-crispi-finalmente-tutti-attorno-ad-un-tavolo-domani-sopralluogo-decisivo\/","title":{"rendered":"Pascoli-Crispi, finalmente tutti attorno ad un tavolo: domani sopralluogo decisivo"},"content":{"rendered":"<p style=\"text-align: justify;\">Ci sono voluti pi\u00f9 di 45 giorni, ma alla fine tutti gli attori della paradossale vicenda della Pascoli-Crispi si sono seduti attorno ad un tavolo. Tanto \u00e8 trascorso dall\u2019incendio della fotocopiatrice avvenuto il 4 dicembre all\u2019interno dei locali dell\u2019istituto scolastico, poi la prima fase degli interventi di pulizia che si sono svolti anche durante la lunga pausa delle festivit\u00e0 natalizie.<div id=\"div-gpt-ad-Messinaoggi.it-DSK-300x250-corpoart\" style=\"text-align:center;margin:0 auto;\"><\/div><\/p>\n<p style=\"text-align: justify;\">Interventi evidentemente inefficaci, visto che la mattina del 9 gennaio, esattamente un giorno dopo la riapertura della scuola, i genitori hanno prelevato i bambini dall\u2019istituto per via del rinvenimento di alcune polveri nere all\u2019interno del primo piano. Da qui in poi il caos, le aree interessate sono state ripulite ancora una volta, anche se qualche traccia continua a restare e nel frattempo i bambini continuano ad andare a scuola nelle ore pomeridiane, ospitati dalla Boer.<div id=\"videoincontent\" style=\"clear:both\";><\/div><\/p>\n<p style=\"text-align: justify;\">Questa mattina, amministrazione comunale. Organi tecnici (Siav, Asp e Arpa) e istituzioni scolastiche (direttore scolastica\u00a0 rappresentante del collegio dei genitori) si sono riuniti in un tavolo tecnico a Palazzo Zanca. Esattamente come richiesto pochi giorni fa dalla Presidente del Consiglio Comunale, Emilia barrile, e dal presidente della IV Circoscrizione, Francesco Palano Quero.<\/p>\n<p style=\"text-align: justify;\">L\u2019obiettivo era quello di stabilire le competenze, confrontarsi a quattr\u2019occhi superando il formalismo delle comunicazioni scritte, per decidere una volta per tutte a chi toccasse l\u2019ultima parola sull\u2019eventuale riapertura del plesso scolastico. Obiettivo raggiunto, visto che \u00e8 stato stabilito che toccher\u00e0 a Siav dell\u2019Asp effettuare domani il sopralluogo decisivo.<\/p>\n<p style=\"text-align: justify;\">Se dopo il sopralluogo, i tecnici, stabiliranno che ci sono gli estremi per poter riaprire il plesso, sar\u00e0 l\u2019Asp stessa a produrre una relazione che sar\u00e0 inviata alla dirigente scolastica, Giuseppina Broccio. Toccher\u00e0 a quest\u2019ultima prendere atto della relazione dell\u2019organo competente, e, se tutto andr\u00e0 bene, stabilire gi\u00e0 nella giornata di sabato la riapertura della scuola per luned\u00ec.<\/p>\n","protected":false},"excerpt":{"rendered":"<p>Ci sono voluti pi\u00f9 di 45 giorni, ma alla fine tutti gli attori della paradossale vicenda della Pascoli-Crispi si sono seduti attorno ad un tavolo. Tanto \u00e8 trascorso dall\u2019incendio della fotocopiatrice avvenuto il 4 dicembre all\u2019interno dei locali dell\u2019istituto scolastico, poi la prima fase degli interventi di pulizia che si sono svolti anche durante la [&hellip;]<\/p>\n","protected":false},"author":2,"featured_media":12655,"comment_status":"closed","ping_status":"open","sticky":false,"template":"","format":"standard","meta":{"ub_ctt_via":"","_mi_skip_tracking":false},"categories":[6],"tags":[],"featured_image_src":"https:\/\/www.messinaoggi.it\/website\/wp-content\/uploads\/2017\/12\/scuola-Crispi-Pascoli-ascensore-incendiato-messinaoggiMR.jpg","author_info":{"display_name":"Redazione","author_link":"https:\/\/www.messinaoggi.it\/website\/author\/redazione\/"},"digistream_id":0,"digistream":false,"_links":{"self":[{"href":"https:\/\/www.messinaoggi.it\/website\/wp-json\/wp\/v2\/posts\/14464"}],"collection":[{"href":"https:\/\/www.messinaoggi.it\/website\/wp-json\/wp\/v2\/posts"}],"about":[{"href":"https:\/\/www.messinaoggi.it\/website\/wp-json\/wp\/v2\/types\/post"}],"author":[{"embeddable":true,"href":"https:\/\/www.messinaoggi.it\/website\/wp-json\/wp\/v2\/users\/2"}],"replies":[{"embeddable":true,"href":"https:\/\/www.messinaoggi.it\/website\/wp-json\/wp\/v2\/comments?post=14464"}],"version-history":[{"count":0,"href":"https:\/\/www.messinaoggi.it\/website\/wp-json\/wp\/v2\/posts\/14464\/revisions"}],"wp:featuredmedia":[{"embeddable":true,"href":"https:\/\/www.messinaoggi.it\/website\/wp-json\/wp\/v2\/media\/12655"}],"wp:attachment":[{"href":"https:\/\/www.messinaoggi.it\/website\/wp-json\/wp\/v2\/media?parent=14464"}],"wp:term":[{"taxonomy":"category","embeddable":true,"href":"https:\/\/www.messinaoggi.it\/website\/wp-json\/wp\/v2\/categories?post=14464"},{"taxonomy":"post_tag","embeddable":true,"href":"https:\/\/www.messinaoggi.it\/website\/wp-json\/wp\/v2\/tags?post=14464"}],"curies":[{"name":"wp","href":"https:\/\/api.w.org\/{rel}","templated":true}]}}