{"id":14463,"date":"2018-01-18T12:38:18","date_gmt":"2018-01-18T11:38:18","guid":{"rendered":"http:\/\/www.messinaoggi.it\/website\/?p=14463"},"modified":"2018-01-18T12:38:18","modified_gmt":"2018-01-18T11:38:18","slug":"via-don-blasco-ce-il-cronoprogramma","status":"publish","type":"post","link":"https:\/\/www.messinaoggi.it\/website\/2018\/01\/18\/via-don-blasco-ce-il-cronoprogramma\/","title":{"rendered":"Via Don Blasco, c&#039;\u00e9 il cronoprogramma"},"content":{"rendered":"<p style=\"text-align: justify\">Nelle idee dell\u2019amministrazione comunale, i lavori della nuova via Don Blasco dovrebbero essere assegnati il prossimo 19 febbraio. Ma adesso \u00e8 giunto il momento di pensare anche alle opere integrative, che dovranno spianare strada alla realizzazione di un progetto che la citt\u00e0 aspetta da almeno trent\u2019anni.<div id=\"div-gpt-ad-Messinaoggi.it-DSK-300x250-corpoart\" style=\"text-align:center;margin:0 auto;\"><\/div><\/p>\n<p style=\"text-align: justify\">Per questo il Comune ha gi\u00e0 presentato un cronoprogramma alla ditta aggiudicatrice, il Consorzio Medil. A presentare i termini del cronoprogramma \u00e8 stato il dirigente del Dipartimento di Protezione Civile, Antonio Rizzo, ospite della commissione Lavori Pubblici, presieduta da Carlo Cantali: \u201c<em>Ci siamo attenuti al termine di 320 giorni presente all\u2019interno dell\u2019offerta migliorativa. In base a questo tempo abbiamo organizzato dei tronchi d\u2019interventi che riguarderanno la via Don Blasco, il sottopassaggio di via Santa Cecilia, la zona di Zaera, via Acireale e Maregrosso. Queste sono le zone che subiranno dei primi interventi, successivamente si interverr\u00e0 sullo scalo di via Santa Cecilia, via Acireale e tutte le case interessate dai lavori\u201d.<\/em><div id=\"videoincontent\" style=\"clear:both\";><\/div><\/p>\n<p style=\"text-align: justify\">Rizzo si sofferma sui tempi: \u201c<em>Molto dipender\u00e0 dall\u2019assegnazione dei lavori, noi ci siamo soffermati sui 320 giorni lavorativi. Quindi se i lavori saranno assegnati il prossimo 19 febbraio contiamo di terminare a maggio 2019\u201d.<\/em><\/p>\n<p style=\"text-align: justify\">Il nodo pi\u00f9 spinoso \u00e8 per\u00f2 quello che riguarda gli espropri:<em>\u201cOvviamente ci saranno \u2013 ha confermato Rizzo \u2013 riguarderanno le ferrovie, lo scalo merci di via Santa Cecilia e le case D\u2019Arrigo. Gi\u00e0 la prossima settimana saranno formalizzati gli accordi con le ditte che hanno accettato l\u2019esproprio delle aree di loro propriet\u00e0\u201d. <\/em><\/p>\n<p style=\"text-align: justify\">\u00a0Politicamente c\u2019\u00e8 da registrare l\u2019attacco dell\u2019esponente dei Dr, Salvatore Serra, all\u2019amministrazione comunale: \u201c<em>La via Don Blasco \u00e8 un\u2019opera utile per la citt\u00e0, ma ad usufruirne saranno pure i mezzi pesanti che sbarcano con le navi della Caronte&amp;Tourist. Quindi il sindaco non dica pi\u00f9 che fa la guerra ai Franza e ai presunti poteri forti della citt\u00e0\u201d. <\/em><\/p>\n","protected":false},"excerpt":{"rendered":"<p>Nelle idee dell\u2019amministrazione comunale, i lavori della nuova via Don Blasco dovrebbero essere assegnati il prossimo 19 febbraio. Ma adesso \u00e8 giunto il momento di pensare anche alle opere integrative, che dovranno spianare strada alla realizzazione di un progetto che la citt\u00e0 aspetta da almeno trent\u2019anni. Per questo il Comune ha gi\u00e0 presentato un cronoprogramma [&hellip;]<\/p>\n","protected":false},"author":1,"featured_media":12167,"comment_status":"closed","ping_status":"open","sticky":false,"template":"","format":"standard","meta":{"ub_ctt_via":"","_mi_skip_tracking":false},"categories":[6],"tags":[],"featured_image_src":"https:\/\/www.messinaoggi.it\/website\/wp-content\/uploads\/2017\/11\/cavalcavia-incrocio-via-Don-Blasco-messinaoggiMarcyR.jpg","author_info":{"display_name":"admin@admin.com","author_link":"https:\/\/www.messinaoggi.it\/website\/author\/adminadmin-com\/"},"digistream_id":0,"digistream":false,"_links":{"self":[{"href":"https:\/\/www.messinaoggi.it\/website\/wp-json\/wp\/v2\/posts\/14463"}],"collection":[{"href":"https:\/\/www.messinaoggi.it\/website\/wp-json\/wp\/v2\/posts"}],"about":[{"href":"https:\/\/www.messinaoggi.it\/website\/wp-json\/wp\/v2\/types\/post"}],"author":[{"embeddable":true,"href":"https:\/\/www.messinaoggi.it\/website\/wp-json\/wp\/v2\/users\/1"}],"replies":[{"embeddable":true,"href":"https:\/\/www.messinaoggi.it\/website\/wp-json\/wp\/v2\/comments?post=14463"}],"version-history":[{"count":0,"href":"https:\/\/www.messinaoggi.it\/website\/wp-json\/wp\/v2\/posts\/14463\/revisions"}],"wp:featuredmedia":[{"embeddable":true,"href":"https:\/\/www.messinaoggi.it\/website\/wp-json\/wp\/v2\/media\/12167"}],"wp:attachment":[{"href":"https:\/\/www.messinaoggi.it\/website\/wp-json\/wp\/v2\/media?parent=14463"}],"wp:term":[{"taxonomy":"category","embeddable":true,"href":"https:\/\/www.messinaoggi.it\/website\/wp-json\/wp\/v2\/categories?post=14463"},{"taxonomy":"post_tag","embeddable":true,"href":"https:\/\/www.messinaoggi.it\/website\/wp-json\/wp\/v2\/tags?post=14463"}],"curies":[{"name":"wp","href":"https:\/\/api.w.org\/{rel}","templated":true}]}}