{"id":144502,"date":"2023-03-02T17:17:33","date_gmt":"2023-03-02T16:17:33","guid":{"rendered":"http:\/\/www.messinaoggi.it\/website\/?p=144502"},"modified":"2023-03-02T18:02:06","modified_gmt":"2023-03-02T17:02:06","slug":"via-catania-traffico-in-tilt-geraci-m5s-non-ci-sta","status":"publish","type":"post","link":"https:\/\/www.messinaoggi.it\/website\/2023\/03\/02\/via-catania-traffico-in-tilt-geraci-m5s-non-ci-sta\/","title":{"rendered":"Via Catania: traffico in tilt, Geraci (M5S) non ci sta"},"content":{"rendered":"\n<p><strong>Via Catania: traffico completamente in tilt.<\/strong> E\u2019 questo ci\u00f2 che hanno trovato stamane i cittadini della zona Centro-Sud di Messina che si trovavano a transitare per la frazione di Provinciale. L\u2019ingorgo \u00e8 dovuto, a quanto pare, all\u2019inizio dei lavori che l\u2019Amministrazione ha deciso per la realizzazione di un parcheggio di interscambio, uno dei tanti che sono stati creati o su cui si sta lavorando, per incentivare la cittadinanza all\u2019utilizzo dei mezzi pubblici del trasporto locale e per sostenere la pedonalizzazione di diversi tratti della Citt\u00e0.<div id=\"div-gpt-ad-Messinaoggi.it-DSK-300x250-corpoart\" style=\"text-align:center;margin:0 auto;\"><\/div><\/p>\n\n\n\n<figure class=\"wp-block-image size-large\"><img loading=\"lazy\" width=\"1024\" height=\"768\" src=\"http:\/\/www.messinaoggi.it\/website\/wp-content\/uploads\/2023\/03\/Via-Catania-traffico-in-tilt-2-1024x768.jpeg\" alt=\"\" class=\"wp-image-144515\" srcset=\"https:\/\/www.messinaoggi.it\/website\/wp-content\/uploads\/2023\/03\/Via-Catania-traffico-in-tilt-2-1024x768.jpeg 1024w, https:\/\/www.messinaoggi.it\/website\/wp-content\/uploads\/2023\/03\/Via-Catania-traffico-in-tilt-2-300x225.jpeg 300w, https:\/\/www.messinaoggi.it\/website\/wp-content\/uploads\/2023\/03\/Via-Catania-traffico-in-tilt-2-768x576.jpeg 768w, https:\/\/www.messinaoggi.it\/website\/wp-content\/uploads\/2023\/03\/Via-Catania-traffico-in-tilt-2-1536x1152.jpeg 1536w, https:\/\/www.messinaoggi.it\/website\/wp-content\/uploads\/2023\/03\/Via-Catania-traffico-in-tilt-2.jpeg 2000w\" sizes=\"(max-width: 1024px) 100vw, 1024px\" \/><\/figure>\n\n\n\n<p>Se non fosse che in Via Catania \u00e8 stato chiuso il tratto del Controviale lato Villa Dante, proprio per la realizzazione del parcheggio nelle sue adiacenze. Dunque il lato fronte Cimitero adesso assorbe tutto il traffico che passa per la zona. L\u2019esito \u00e8 questo: file interminabili che hanno provocato il comprensibile stress degli automobilisti messinesi. Questo nuovo parcheggio avrebbe lo scopo per l\u2019Amministrazione di permettere ai cittadini di lasciare l\u2019auto in zona e prendere i mezzi o andare a piedi verso il Centro Storico cittadino.<div id=\"videoincontent\" style=\"clear:both\";><\/div><\/p>\n\n\n\n<figure class=\"wp-block-image size-large\"><img loading=\"lazy\" width=\"1024\" height=\"768\" src=\"http:\/\/www.messinaoggi.it\/website\/wp-content\/uploads\/2023\/03\/Via-Catania-traffico-in-tilt-4-1024x768.jpeg\" alt=\"\" class=\"wp-image-144513\" srcset=\"https:\/\/www.messinaoggi.it\/website\/wp-content\/uploads\/2023\/03\/Via-Catania-traffico-in-tilt-4-1024x768.jpeg 1024w, https:\/\/www.messinaoggi.it\/website\/wp-content\/uploads\/2023\/03\/Via-Catania-traffico-in-tilt-4-300x225.jpeg 300w, https:\/\/www.messinaoggi.it\/website\/wp-content\/uploads\/2023\/03\/Via-Catania-traffico-in-tilt-4-768x576.jpeg 768w, https:\/\/www.messinaoggi.it\/website\/wp-content\/uploads\/2023\/03\/Via-Catania-traffico-in-tilt-4-1536x1152.jpeg 1536w, https:\/\/www.messinaoggi.it\/website\/wp-content\/uploads\/2023\/03\/Via-Catania-traffico-in-tilt-4.jpeg 2000w\" sizes=\"(max-width: 1024px) 100vw, 1024px\" \/><\/figure>\n\n\n\n<h2><strong>Via Catania: traffico completamente in tilt.<\/strong> <strong>Interviene Alessandro Geraci<\/strong><\/h2>\n\n\n\n<p><a href=\"https:\/\/www.facebook.com\/alexdrast\/posts\/pfbid02iZV5v1z3i8wxarVTPtpttvngkttso9JaV9fkpUqEZ5kDHLsrjT9sYJz8x54iJMa7l\" data-type=\"URL\" data-id=\"https:\/\/www.facebook.com\/alexdrast\/posts\/pfbid02iZV5v1z3i8wxarVTPtpttvngkttso9JaV9fkpUqEZ5kDHLsrjT9sYJz8x54iJMa7l\">Su questa vicenda \u00e8 intervenuto con un post su Facebook <\/a>il consigliere della Terza Municipalit\u00e0 di Messina, nonch\u00e9 Vicepresidente in quota M5S, <strong>Alessandro Geraci.<\/strong> Geraci vorrebbe che la sosta in zona fosse sfruttata per rimanervi, pi\u00f9 semplicemente per raggiungere il Mercato Vascone ed il Cimitero senza auto. Da tempo, almeno dal 2019, Geraci interviene su questa questione per scongiurare che accadesse ci\u00f2 che si aspettava e che puntualmente \u00e8 accaduto.<\/p>\n\n\n\n<figure class=\"wp-block-image size-large\"><img loading=\"lazy\" width=\"1024\" height=\"768\" src=\"http:\/\/www.messinaoggi.it\/website\/wp-content\/uploads\/2023\/03\/Via-Catania-traffico-in-tilt-3-1024x768.jpeg\" alt=\"\" class=\"wp-image-144514\" srcset=\"https:\/\/www.messinaoggi.it\/website\/wp-content\/uploads\/2023\/03\/Via-Catania-traffico-in-tilt-3-1024x768.jpeg 1024w, https:\/\/www.messinaoggi.it\/website\/wp-content\/uploads\/2023\/03\/Via-Catania-traffico-in-tilt-3-300x225.jpeg 300w, https:\/\/www.messinaoggi.it\/website\/wp-content\/uploads\/2023\/03\/Via-Catania-traffico-in-tilt-3-768x576.jpeg 768w, https:\/\/www.messinaoggi.it\/website\/wp-content\/uploads\/2023\/03\/Via-Catania-traffico-in-tilt-3-1536x1152.jpeg 1536w, https:\/\/www.messinaoggi.it\/website\/wp-content\/uploads\/2023\/03\/Via-Catania-traffico-in-tilt-3.jpeg 2000w\" sizes=\"(max-width: 1024px) 100vw, 1024px\" \/><\/figure>\n\n\n\n<p>\u201cEsiste gi\u00e0 un altro parcheggio di interscambio nelle vicinanze, che servirebbe la zona, quello Zaera Sud, ma attualmente \u00e8 vuoto ed inutilizzato. Questo perch\u00e9 manca una navetta che colleghi il parcheggio al mercato, agevolando gli spostamenti dei cittadini\u201d. Ci spiega Geraci.<\/p>\n\n\n\n<figure class=\"wp-block-image size-large\"><img loading=\"lazy\" width=\"901\" height=\"898\" src=\"http:\/\/www.messinaoggi.it\/website\/wp-content\/uploads\/2023\/03\/Mappa-parcheggi-Via-Catania.jpeg\" alt=\"\" class=\"wp-image-144518\" srcset=\"https:\/\/www.messinaoggi.it\/website\/wp-content\/uploads\/2023\/03\/Mappa-parcheggi-Via-Catania.jpeg 901w, https:\/\/www.messinaoggi.it\/website\/wp-content\/uploads\/2023\/03\/Mappa-parcheggi-Via-Catania-300x300.jpeg 300w, https:\/\/www.messinaoggi.it\/website\/wp-content\/uploads\/2023\/03\/Mappa-parcheggi-Via-Catania-150x150.jpeg 150w, https:\/\/www.messinaoggi.it\/website\/wp-content\/uploads\/2023\/03\/Mappa-parcheggi-Via-Catania-768x765.jpeg 768w\" sizes=\"(max-width: 901px) 100vw, 901px\" \/><\/figure>\n\n\n\n<p>Si tratta di un parcheggio dotato di 216 posti e costato la modica cifra di 6 milioni di euro. \u201cChe senso ha fare un altro parcheggio simile se quello che gi\u00e0 esiste non viene sfruttato? Ho chiesto pi\u00f9 volte all\u2019Amministrazione di intervenire e di spiegare i motivi di questa scelta, ma nessuno mi ha risposto. Si tratta di 600mila euro in appalti pubblici, soldi dei contribuenti messinesi. Buttati, viste le premesse\u201d incalza il consigliere.<\/p>\n\n\n\n<p>\u201cE&#8217; un parcheggio interrato, molto utile perch\u00e9 permette di non occupare suolo pubblico e ridurre l&#8217;impatto su superficie. Ottimo su tanti aspetti, non capisco perch\u00e9 non sia sfruttato al massimo\u201d insiste.<\/p>\n\n\n\n<p>Ora, stando a stime che anche il consigliere conferma, questi lavori dovrebbero durare almeno 6 mesi. Insomma si prevede una lunga sofferenza per i cittadini che devono transitare per questa zona o raggiungere Cimitero e il Vascone.<\/p>\n\n\n\n<h2>La proposta di Geraci per la mobilit\u00e0 locale. Pi\u00f9 entrate e meno caos.<\/h2>\n\n\n\n<figure class=\"wp-block-image size-large\"><img loading=\"lazy\" width=\"1024\" height=\"541\" src=\"http:\/\/www.messinaoggi.it\/website\/wp-content\/uploads\/2023\/03\/Proposta-Geraci-Via-Catania-1024x541.jpeg\" alt=\"\" class=\"wp-image-144517\" srcset=\"https:\/\/www.messinaoggi.it\/website\/wp-content\/uploads\/2023\/03\/Proposta-Geraci-Via-Catania-1024x541.jpeg 1024w, https:\/\/www.messinaoggi.it\/website\/wp-content\/uploads\/2023\/03\/Proposta-Geraci-Via-Catania-300x158.jpeg 300w, https:\/\/www.messinaoggi.it\/website\/wp-content\/uploads\/2023\/03\/Proposta-Geraci-Via-Catania-768x406.jpeg 768w, https:\/\/www.messinaoggi.it\/website\/wp-content\/uploads\/2023\/03\/Proposta-Geraci-Via-Catania-1536x811.jpeg 1536w, https:\/\/www.messinaoggi.it\/website\/wp-content\/uploads\/2023\/03\/Proposta-Geraci-Via-Catania.jpeg 1600w\" sizes=\"(max-width: 1024px) 100vw, 1024px\" \/><\/figure>\n\n\n\n<p>\u201cLa mia proposta \u2013 ha chiarito \u2013 prevede un bus navetta che nelle ore mattutine effettui un tragitto <em>ad anello<\/em> percorrendo la via Catania, la via san Cosimo e la via Palmara per rientrare al parcheggio, al fine di servire il Mercato Vascone, i 3 ingressi del Cimitero Centrale e quindi liberare via Catania e via san Cosimo. L\u2019obiettivo \u00e8 di decongestionare il traffico cittadino, incentivare la fruizione del mercato, della Villa Dante e rendere produttiva l\u2019area destinata ai posteggi\u201d.<\/p>\n\n\n\n<p>Per Geraci la riqualificazione del parcheggio e la presenza di un servizio bus navetta \u201ccomporterebbero sia un aumento delle entrate per il Comune, sia una diminuzione del traffico, andando incontro al Pums di recente elaborazione, che prevede una mobilit\u00e0 con meno auto e pi\u00f9 mezzi pubblici\u201d. Quindi se per il consigliere questo nuovo parcheggio potrebbe essere potenzialmente uno \u201cspreco di soldi pubblici\u201d, al contrario la sua proposta sarebbe un guadagno in pi\u00f9 per le casse comunali.<\/p>\n\n\n\n<p><strong>Michele Bruno. <\/strong><\/p>\n","protected":false},"excerpt":{"rendered":"<p>Via Catania: traffico completamente in tilt. E\u2019 questo ci\u00f2 che hanno trovato stamane i cittadini della zona Centro-Sud di Messina che si trovavano a transitare per la frazione di Provinciale. L\u2019ingorgo \u00e8 dovuto, a quanto pare, all\u2019inizio dei lavori che l\u2019Amministrazione ha deciso per la realizzazione di un parcheggio di interscambio, uno dei tanti che [&hellip;]<\/p>\n","protected":false},"author":123457,"featured_media":144516,"comment_status":"open","ping_status":"open","sticky":false,"template":"","format":"standard","meta":{"ub_ctt_via":"","_mi_skip_tracking":false},"categories":[19],"tags":[1689,829,6532,6884,5081,1528,6883],"featured_image_src":"https:\/\/www.messinaoggi.it\/website\/wp-content\/uploads\/2023\/03\/Via-Catania-traffico-in-tilt-1.jpeg","author_info":{"display_name":"Michele Bruno","author_link":"https:\/\/www.messinaoggi.it\/website\/author\/michele-bruno\/"},"digistream_id":0,"digistream":false,"_links":{"self":[{"href":"https:\/\/www.messinaoggi.it\/website\/wp-json\/wp\/v2\/posts\/144502"}],"collection":[{"href":"https:\/\/www.messinaoggi.it\/website\/wp-json\/wp\/v2\/posts"}],"about":[{"href":"https:\/\/www.messinaoggi.it\/website\/wp-json\/wp\/v2\/types\/post"}],"author":[{"embeddable":true,"href":"https:\/\/www.messinaoggi.it\/website\/wp-json\/wp\/v2\/users\/123457"}],"replies":[{"embeddable":true,"href":"https:\/\/www.messinaoggi.it\/website\/wp-json\/wp\/v2\/comments?post=144502"}],"version-history":[{"count":5,"href":"https:\/\/www.messinaoggi.it\/website\/wp-json\/wp\/v2\/posts\/144502\/revisions"}],"predecessor-version":[{"id":144521,"href":"https:\/\/www.messinaoggi.it\/website\/wp-json\/wp\/v2\/posts\/144502\/revisions\/144521"}],"wp:featuredmedia":[{"embeddable":true,"href":"https:\/\/www.messinaoggi.it\/website\/wp-json\/wp\/v2\/media\/144516"}],"wp:attachment":[{"href":"https:\/\/www.messinaoggi.it\/website\/wp-json\/wp\/v2\/media?parent=144502"}],"wp:term":[{"taxonomy":"category","embeddable":true,"href":"https:\/\/www.messinaoggi.it\/website\/wp-json\/wp\/v2\/categories?post=144502"},{"taxonomy":"post_tag","embeddable":true,"href":"https:\/\/www.messinaoggi.it\/website\/wp-json\/wp\/v2\/tags?post=144502"}],"curies":[{"name":"wp","href":"https:\/\/api.w.org\/{rel}","templated":true}]}}