{"id":144425,"date":"2023-03-02T10:17:55","date_gmt":"2023-03-02T09:17:55","guid":{"rendered":"https:\/\/www.messinaoggi.it\/website\/2023\/03\/02\/covid-contagi-e-ospedalizzazioni-ancora-in-calo-in-sicilia\/"},"modified":"2023-03-02T16:38:28","modified_gmt":"2023-03-02T15:38:28","slug":"covid-contagi-e-ospedalizzazioni-ancora-in-calo-in-sicilia","status":"publish","type":"post","link":"https:\/\/www.messinaoggi.it\/website\/2023\/03\/02\/covid-contagi-e-ospedalizzazioni-ancora-in-calo-in-sicilia\/","title":{"rendered":"Covid, contagi e ospedalizzazioni ancora in calo in Sicilia"},"content":{"rendered":"<div>\n<p>PALERMO (ITALPRESS) \u2013 Nella settimana dal 20 al 26 febbraio 2023 in Sicilia si \u00e8 assistito ancora a un netto decremento delle nuove infezioni, in linea con la tendenza nel territorio nazionale. I nuovi casi positivi diagnosticati sono stati 1.380 (-11,76%), con un\u2019incidenza di 29 casi ogni 100 mila abitanti.<br \/>Il tasso di nuovi positivi pi\u00f9 elevato rispetto alla media regionale si \u00e8 registrato nelle province di Trapani (38\/100.000 abitanti), Messina (36\/100.000) e Palermo (34\/100.000). Le fasce d\u2019et\u00e0 maggiormente a rischio risultano quelle degli over 90 (57\/100.000), tra gli 80 e gli 89 anni (44\/100.000) e tra i 70 e i 79 anni (44\/100.000).<br \/>I dati sono riportati nell\u2019ultimo bollettino settimanale a cura del Dasoe, il dipartimento per le Attivit\u00e0 sanitarie e osservatorio epidemiologico dell\u2019assessorato della Salute della Regione Siciliana.<br \/>Le nuove ospedalizzazioni sono in lieve diminuzione, sebbene la diffusione dei contagi pregressi si rifletta ancora su una prevalenza di soggetti ospedalizzati con positivit\u00e0 concomitante da Covid-19. Pi\u00f9 di met\u00e0 dei pazienti in ospedale nella settimana di riferimento risultano non vaccinati.<br \/>Per quanto riguarda i vaccini, i dati sono aggiornati al 28 febbraio. Nel target 5-11 anni, i vaccinati con almeno una dose si attestano al 23,39%: sono 61.970 i bambini che risultano con ciclo primario completato, pari al 20,11%. Nel target over 12, i vaccinati con almeno una dose si attestano al 90,99%. I soggetti che hanno completato il ciclo primario sono l\u2019 89,61%.<br \/>I cittadini che non hanno effettuato la terza dose pur avendo maturato il diritto a riceverla, sono ancora 1.120.658. I vaccinati con dose aggiuntiva\/booster sono 2.773.984 pari al 71,23% degli aventi diritto, incluso il target 5-11 anni. Le somministrazioni di quarta dose sono 242.718 di cui 213.449 a soggetti over 60. Le quinte dosi somministrate risultano complessivamente 9.779.<div id=\"div-gpt-ad-Messinaoggi.it-DSK-300x250-corpoart\" style=\"text-align:center;margin:0 auto;\"><\/div><\/p>\n<p>\u2013 foto: agenziafotogramma.it <div id=\"videoincontent\" style=\"clear:both\";><\/div><\/p>\n<p>(ITALPRESS).<\/p>\n<\/div>\n","protected":false},"excerpt":{"rendered":"<p>PALERMO (ITALPRESS) \u2013 Nella settimana dal 20 al 26 febbraio 2023 in Sicilia si \u00e8 assistito ancora a un netto decremento delle nuove infezioni, in linea con la tendenza nel territorio nazionale. I nuovi casi positivi diagnosticati sono stati 1.380 (-11,76%), con un\u2019incidenza di 29 casi ogni 100 mila abitanti.Il tasso di nuovi positivi pi\u00f9 [&hellip;]<\/p>\n","protected":false},"author":18,"featured_media":144426,"comment_status":"closed","ping_status":"closed","sticky":false,"template":"","format":"standard","meta":{"ub_ctt_via":"","_mi_skip_tracking":false},"categories":[221,2449],"tags":[783],"featured_image_src":"https:\/\/www.messinaoggi.it\/website\/wp-content\/uploads\/2023\/03\/20230302_0192.jpg","author_info":{"display_name":"Admin","author_link":"https:\/\/www.messinaoggi.it\/website\/author\/admin\/"},"digistream_id":0,"digistream":false,"_links":{"self":[{"href":"https:\/\/www.messinaoggi.it\/website\/wp-json\/wp\/v2\/posts\/144425"}],"collection":[{"href":"https:\/\/www.messinaoggi.it\/website\/wp-json\/wp\/v2\/posts"}],"about":[{"href":"https:\/\/www.messinaoggi.it\/website\/wp-json\/wp\/v2\/types\/post"}],"author":[{"embeddable":true,"href":"https:\/\/www.messinaoggi.it\/website\/wp-json\/wp\/v2\/users\/18"}],"replies":[{"embeddable":true,"href":"https:\/\/www.messinaoggi.it\/website\/wp-json\/wp\/v2\/comments?post=144425"}],"version-history":[{"count":1,"href":"https:\/\/www.messinaoggi.it\/website\/wp-json\/wp\/v2\/posts\/144425\/revisions"}],"predecessor-version":[{"id":144500,"href":"https:\/\/www.messinaoggi.it\/website\/wp-json\/wp\/v2\/posts\/144425\/revisions\/144500"}],"wp:featuredmedia":[{"embeddable":true,"href":"https:\/\/www.messinaoggi.it\/website\/wp-json\/wp\/v2\/media\/144426"}],"wp:attachment":[{"href":"https:\/\/www.messinaoggi.it\/website\/wp-json\/wp\/v2\/media?parent=144425"}],"wp:term":[{"taxonomy":"category","embeddable":true,"href":"https:\/\/www.messinaoggi.it\/website\/wp-json\/wp\/v2\/categories?post=144425"},{"taxonomy":"post_tag","embeddable":true,"href":"https:\/\/www.messinaoggi.it\/website\/wp-json\/wp\/v2\/tags?post=144425"}],"curies":[{"name":"wp","href":"https:\/\/api.w.org\/{rel}","templated":true}]}}