{"id":144399,"date":"2023-03-02T09:20:20","date_gmt":"2023-03-02T08:20:20","guid":{"rendered":"http:\/\/www.messinaoggi.it\/website\/?p=144399"},"modified":"2023-03-02T09:20:21","modified_gmt":"2023-03-02T08:20:21","slug":"germana-potenziare-collegamenti-nello-stretto","status":"publish","type":"post","link":"https:\/\/www.messinaoggi.it\/website\/2023\/03\/02\/germana-potenziare-collegamenti-nello-stretto\/","title":{"rendered":"German\u00e0: &#8220;Potenziare collegamenti nello Stretto&#8221;"},"content":{"rendered":"\n<p>\u00abDa sempre sosteniamo la necessit\u00e0 di potenziare e migliorare i collegamenti nello Stretto, penalizzanti per tutti quei siciliani che devono raggiungere il continente e quanto avvenuto lo scorso 28 febbraio lo conferma. Stiamo lavorando proprio in questa direzione, per aumentare la frequenza delle corse degli aliscafi e dei collegamenti ferroviari\u00bb. <div id=\"div-gpt-ad-Messinaoggi.it-DSK-300x250-corpoart\" style=\"text-align:center;margin:0 auto;\"><\/div><\/p>\n\n\n\n<p>Lo afferma il senatore della Lega <strong>Nino German\u00e0<\/strong>, segretario della Commissione Lavori Pubblici, che ha prontamente richiesto delucidazioni all\u2019amministratore delegato di BluJet sui disagi registrati da una settantina di passeggeri. <div id=\"videoincontent\" style=\"clear:both\";><\/div><\/p>\n\n\n\n<p>\u00abPer garantire maggiori livelli di performance della qualit\u00e0 del servizio sullo stretto \u2013 aggiunge German\u00e0 &#8211; sono allo studio accordi commerciali con i vettori ferroviari che possano permettere alla societ\u00e0 Blujet,\u00a0in caso di anormalit\u00e0 del genere, di fornire un servizio di continuit\u00e0 territoriale sempre pi\u00f9 vicino alle esigenze dei passeggeri\u00bb.\u00a0<\/p>\n\n\n\n<p>Da quanto riferiscono i vertici di BluJet, dei circa 70 passeggeri della corsa soppressa, 50 di essi sono stati portati a Villa San Giovanni mediante la Nave Traghetto Iginia di RFI e hanno avuto tutti la possibilit\u00e0 di prendere il Frecciargento che ha atteso l\u2019arrivo in emergenza dei passeggeri. Gli altri restanti passeggeri, circa 20, si sono recati in autonomia presso gli imbarchi della societ\u00e0 Caronte e Tourist per raggiungere Villa San Giovanni per poter prendere il treno Italo che, visto il protrarsi del ritardo rispetto alla partenza prevista, non ha potuto attendere ulteriormente i passeggeri per non creare un sistema di ritardi che si sarebbe propagato in maniera diffusa su tutti i convogli a lunga percorrenza e regionali. Non \u00e8 stato possibile per la societ\u00e0 Italo riproteggere i passeggeri su un altro treno in quanto nella giornata di ieri 28 febbraio era l\u2019ultimo per raggiungere Roma.\u00a0\u00ab<\/p>\n\n\n\n<p>Come messinese che ogni settimana viaggia da e verso Roma \u2013 conclude German\u00e0 \u2013 conosco bene i mille disagi che si devono affrontare e proprio per questo sto attenzionando la situazione in maniera particolare affinch\u00e9, nel breve periodo, possano essere potenziati tutti i collegamenti sia nello Stretto che da Reggio a Roma\u00bb.<\/p>\n","protected":false},"excerpt":{"rendered":"<p>\u00abDa sempre sosteniamo la necessit\u00e0 di potenziare e migliorare i collegamenti nello Stretto, penalizzanti per tutti quei siciliani che devono raggiungere il continente e quanto avvenuto lo scorso 28 febbraio lo conferma. Stiamo lavorando proprio in questa direzione, per aumentare la frequenza delle corse degli aliscafi e dei collegamenti ferroviari\u00bb. Lo afferma il senatore della [&hellip;]<\/p>\n","protected":false},"author":2,"featured_media":144400,"comment_status":"open","ping_status":"open","sticky":false,"template":"","format":"standard","meta":{"ub_ctt_via":"","_mi_skip_tracking":false},"categories":[19],"tags":[6875,1082],"featured_image_src":"https:\/\/www.messinaoggi.it\/website\/wp-content\/uploads\/2023\/03\/Germana.jpg","author_info":{"display_name":"Redazione","author_link":"https:\/\/www.messinaoggi.it\/website\/author\/redazione\/"},"digistream_id":0,"digistream":false,"_links":{"self":[{"href":"https:\/\/www.messinaoggi.it\/website\/wp-json\/wp\/v2\/posts\/144399"}],"collection":[{"href":"https:\/\/www.messinaoggi.it\/website\/wp-json\/wp\/v2\/posts"}],"about":[{"href":"https:\/\/www.messinaoggi.it\/website\/wp-json\/wp\/v2\/types\/post"}],"author":[{"embeddable":true,"href":"https:\/\/www.messinaoggi.it\/website\/wp-json\/wp\/v2\/users\/2"}],"replies":[{"embeddable":true,"href":"https:\/\/www.messinaoggi.it\/website\/wp-json\/wp\/v2\/comments?post=144399"}],"version-history":[{"count":1,"href":"https:\/\/www.messinaoggi.it\/website\/wp-json\/wp\/v2\/posts\/144399\/revisions"}],"predecessor-version":[{"id":144401,"href":"https:\/\/www.messinaoggi.it\/website\/wp-json\/wp\/v2\/posts\/144399\/revisions\/144401"}],"wp:featuredmedia":[{"embeddable":true,"href":"https:\/\/www.messinaoggi.it\/website\/wp-json\/wp\/v2\/media\/144400"}],"wp:attachment":[{"href":"https:\/\/www.messinaoggi.it\/website\/wp-json\/wp\/v2\/media?parent=144399"}],"wp:term":[{"taxonomy":"category","embeddable":true,"href":"https:\/\/www.messinaoggi.it\/website\/wp-json\/wp\/v2\/categories?post=144399"},{"taxonomy":"post_tag","embeddable":true,"href":"https:\/\/www.messinaoggi.it\/website\/wp-json\/wp\/v2\/tags?post=144399"}],"curies":[{"name":"wp","href":"https:\/\/api.w.org\/{rel}","templated":true}]}}