{"id":144387,"date":"2023-03-02T09:12:07","date_gmt":"2023-03-02T08:12:07","guid":{"rendered":"http:\/\/www.messinaoggi.it\/website\/?p=144387"},"modified":"2023-03-02T09:12:09","modified_gmt":"2023-03-02T08:12:09","slug":"cutroni-zodda-galluzzo-tornera-a-pieno-regime","status":"publish","type":"post","link":"https:\/\/www.messinaoggi.it\/website\/2023\/03\/02\/cutroni-zodda-galluzzo-tornera-a-pieno-regime\/","title":{"rendered":"Cutroni Zodda, Galluzzo: &#8220;Torner\u00e0 a pieno regime&#8221;"},"content":{"rendered":"\n<p>\u00abL&#8217;Ospedale Cutroni Zodda di Barcellona Pozzo di Gotto non sar\u00e0 pi\u00f9 esclusivamente destinato all&#8217;emergenza Covid e ben presto, dopo gli impegni assunti oggi dall&#8217;Assessore Giovanna Volo, torner\u00e0 a una progressiva e speriamo piena funzionalit\u00e0\u00bb. <div id=\"div-gpt-ad-Messinaoggi.it-DSK-300x250-corpoart\" style=\"text-align:center;margin:0 auto;\"><\/div><\/p>\n\n\n\n<p>Ad dirlo \u00e8 il parlamentare di Fratelli d&#8217;Italia, l&#8217;onorevole Pino Galluzzo, al termine della seduta dedicata alla situazione inerente il nosocomio del Longano, convocata su esplicita richiesta del deputato, anche alla presenza dei rappresentanti del Comitato civico pro Ospedale, degli amministratori del Comune di Barcellona e del Distretto socio-sanitario 28. \u00abSono stati assunti impegni ben precisi e l&#8217;assessore Volo convocher\u00e0 per venerd\u00ec i direttori delle aziende che verranno coinvolte &#8211; annuncia l&#8217;onorevole Galluzzo -. Saranno assegnati dei cardiologi al Cutroni Zodda, tramite gli imminenti bandi in definizione dell&#8217;Asp di Messina, oltre agli incentivi garantiti dall&#8217;arrivo di professionisti che giungeranno dalle altre aziende, quali il Piemonte, il Papardo e il Policlinico universitario\u00bb. Focus anche sul Pronto soccorso del Cutroni Zodda, fino ad oggi asservito solo alla registrazioni dei pazienti contagiati: \u00abLa volont\u00e0 e la necessit\u00e0 che abbiamo evidenziato \u00e8 che venga attivato 24 ore su 24 per garantire il soccorso e l&#8217;emergenza-urgenza \u2013 dichiara l&#8217;on.Pino Galluzzo -. Ci riterremo soddisfatti solo quando la prospettiva e gli impegni presi diventino realt\u00e0 con la completa attuazione. Ringraziamo l&#8217;assessore Volo per avere accolto le nostre proposte, cos\u00ec come gli amministratori presenti alla seduta, il vicesindaco di Barcellona Santi Calderone e il presidente del D28 Eugenio Aliberti. Altres\u00ec, ritengo che la presenza del Comitato civico a difesa del Cutroni Zodda sia stata fondamentale, tanto quanto la disponibilit\u00e0 concessa dal presidente della Commissione salute, l&#8217;on. Giuseppe Laccoto\u00bb.<div id=\"videoincontent\" style=\"clear:both\";><\/div><\/p>\n","protected":false},"excerpt":{"rendered":"<p>\u00abL&#8217;Ospedale Cutroni Zodda di Barcellona Pozzo di Gotto non sar\u00e0 pi\u00f9 esclusivamente destinato all&#8217;emergenza Covid e ben presto, dopo gli impegni assunti oggi dall&#8217;Assessore Giovanna Volo, torner\u00e0 a una progressiva e speriamo piena funzionalit\u00e0\u00bb. Ad dirlo \u00e8 il parlamentare di Fratelli d&#8217;Italia, l&#8217;onorevole Pino Galluzzo, al termine della seduta dedicata alla situazione inerente il nosocomio [&hellip;]<\/p>\n","protected":false},"author":2,"featured_media":144388,"comment_status":"open","ping_status":"open","sticky":false,"template":"","format":"standard","meta":{"ub_ctt_via":"","_mi_skip_tracking":false},"categories":[13,14],"tags":[3752,2256,851,113],"featured_image_src":"https:\/\/www.messinaoggi.it\/website\/wp-content\/uploads\/2023\/03\/cd108416-0a2d-4077-a195-3eaa2f3b0a13.jpg","author_info":{"display_name":"Redazione","author_link":"https:\/\/www.messinaoggi.it\/website\/author\/redazione\/"},"digistream_id":0,"digistream":false,"_links":{"self":[{"href":"https:\/\/www.messinaoggi.it\/website\/wp-json\/wp\/v2\/posts\/144387"}],"collection":[{"href":"https:\/\/www.messinaoggi.it\/website\/wp-json\/wp\/v2\/posts"}],"about":[{"href":"https:\/\/www.messinaoggi.it\/website\/wp-json\/wp\/v2\/types\/post"}],"author":[{"embeddable":true,"href":"https:\/\/www.messinaoggi.it\/website\/wp-json\/wp\/v2\/users\/2"}],"replies":[{"embeddable":true,"href":"https:\/\/www.messinaoggi.it\/website\/wp-json\/wp\/v2\/comments?post=144387"}],"version-history":[{"count":1,"href":"https:\/\/www.messinaoggi.it\/website\/wp-json\/wp\/v2\/posts\/144387\/revisions"}],"predecessor-version":[{"id":144390,"href":"https:\/\/www.messinaoggi.it\/website\/wp-json\/wp\/v2\/posts\/144387\/revisions\/144390"}],"wp:featuredmedia":[{"embeddable":true,"href":"https:\/\/www.messinaoggi.it\/website\/wp-json\/wp\/v2\/media\/144388"}],"wp:attachment":[{"href":"https:\/\/www.messinaoggi.it\/website\/wp-json\/wp\/v2\/media?parent=144387"}],"wp:term":[{"taxonomy":"category","embeddable":true,"href":"https:\/\/www.messinaoggi.it\/website\/wp-json\/wp\/v2\/categories?post=144387"},{"taxonomy":"post_tag","embeddable":true,"href":"https:\/\/www.messinaoggi.it\/website\/wp-json\/wp\/v2\/tags?post=144387"}],"curies":[{"name":"wp","href":"https:\/\/api.w.org\/{rel}","templated":true}]}}