{"id":144375,"date":"2023-03-01T20:07:51","date_gmt":"2023-03-01T19:07:51","guid":{"rendered":"https:\/\/www.messinaoggi.it\/website\/2023\/03\/01\/urso-su-auto-green-il-nostro-no-ha-svegliato-leuropa\/"},"modified":"2023-03-01T20:07:51","modified_gmt":"2023-03-01T19:07:51","slug":"urso-su-auto-green-il-nostro-no-ha-svegliato-leuropa","status":"publish","type":"post","link":"https:\/\/www.messinaoggi.it\/website\/2023\/03\/01\/urso-su-auto-green-il-nostro-no-ha-svegliato-leuropa\/","title":{"rendered":"Urso \u201cSu auto green il nostro no ha svegliato l\u2019Europa\u201d"},"content":{"rendered":"<div>ROMA (ITALPRESS) &#8211; &#8220;Con il nostro no abbiamo svegliato l&#8217;Europa. Speriamo che altri comprendano che \u00e8 l&#8217;ora della ragione non certo della rassegnazione. Su tutti i dossier saremo in campo sino alla clausola di revisione del 2026. Cambiare si pu\u00f2&#8221;. <br \/>Cos\u00ec il ministro delle Imprese e del Made in Italy Adolfo Urso, a margine di un&#8217;iniziativa di Enel, in merito alla posizione dell&#8217;Italia sullo stop ai motori endotermici al 2035.<br \/>&#8220;Noi in Europa chiediamo ragionevolezza, mi auguro che si suoni finalmente l&#8217;inno di Beethoven e non quello della Repubblica Popolare Cinese. Sulle auto green per il 2035 &#8211; ha aggiunto &#8211; ci spaventano i tempi di riconversione e le modalit\u00e0. Mi spiego: se con gli stessi obiettivi si pu\u00f2 utilizzare ancora il motore termico a bio diesel, bio metano perch\u00e8 non farlo? Essere costretti a utilizzare soltanto le batterie elettriche, che peraltro per essere realizzate bisogna avere i giacimenti e le materie prime necessarie che l&#8217;Europa non ha e che sono oggi monopolio di una parte della Cina, che senso ha? L&#8217;elettricit\u00e0 non \u00e8 una religione, \u00e8 una tecnologia come le altre. Saremo soli? Noi vogliamo in Europa una politica industriale simile a quella che \u00e8 stata fatta negli Stati Uniti in pochi mesi&#8221;, ha concluso Urso.<br \/>(ITALPRESS).<br \/>-foto agenziafotogramma.it-<\/div>\n<div id=\"div-gpt-ad-Messinaoggi.it-DSK-300x250-corpoart\" style=\"text-align:center;margin:0 auto;\"><\/div><\/p><div id=\"videoincontent\" style=\"clear:both\";><\/div>","protected":false},"excerpt":{"rendered":"<p>ROMA (ITALPRESS) &#8211; &#8220;Con il nostro no abbiamo svegliato l&#8217;Europa. Speriamo che altri comprendano che \u00e8 l&#8217;ora della ragione non certo della rassegnazione. Su tutti i dossier saremo in campo sino alla clausola di revisione del 2026. Cambiare si pu\u00f2&#8221;. Cos\u00ec il ministro delle Imprese e del Made in Italy Adolfo Urso, a margine di [&hellip;]<\/p>\n","protected":false},"author":18,"featured_media":144376,"comment_status":"closed","ping_status":"closed","sticky":false,"template":"","format":"standard","meta":{"ub_ctt_via":"","_mi_skip_tracking":false},"categories":[446],"tags":[783],"featured_image_src":"https:\/\/www.messinaoggi.it\/website\/wp-content\/uploads\/2023\/03\/20230301_2156.jpg","author_info":{"display_name":"Admin","author_link":"https:\/\/www.messinaoggi.it\/website\/author\/admin\/"},"digistream_id":0,"digistream":false,"_links":{"self":[{"href":"https:\/\/www.messinaoggi.it\/website\/wp-json\/wp\/v2\/posts\/144375"}],"collection":[{"href":"https:\/\/www.messinaoggi.it\/website\/wp-json\/wp\/v2\/posts"}],"about":[{"href":"https:\/\/www.messinaoggi.it\/website\/wp-json\/wp\/v2\/types\/post"}],"author":[{"embeddable":true,"href":"https:\/\/www.messinaoggi.it\/website\/wp-json\/wp\/v2\/users\/18"}],"replies":[{"embeddable":true,"href":"https:\/\/www.messinaoggi.it\/website\/wp-json\/wp\/v2\/comments?post=144375"}],"version-history":[{"count":0,"href":"https:\/\/www.messinaoggi.it\/website\/wp-json\/wp\/v2\/posts\/144375\/revisions"}],"wp:featuredmedia":[{"embeddable":true,"href":"https:\/\/www.messinaoggi.it\/website\/wp-json\/wp\/v2\/media\/144376"}],"wp:attachment":[{"href":"https:\/\/www.messinaoggi.it\/website\/wp-json\/wp\/v2\/media?parent=144375"}],"wp:term":[{"taxonomy":"category","embeddable":true,"href":"https:\/\/www.messinaoggi.it\/website\/wp-json\/wp\/v2\/categories?post=144375"},{"taxonomy":"post_tag","embeddable":true,"href":"https:\/\/www.messinaoggi.it\/website\/wp-json\/wp\/v2\/tags?post=144375"}],"curies":[{"name":"wp","href":"https:\/\/api.w.org\/{rel}","templated":true}]}}