{"id":144373,"date":"2023-03-01T19:07:54","date_gmt":"2023-03-01T18:07:54","guid":{"rendered":"https:\/\/www.messinaoggi.it\/website\/2023\/03\/01\/a-febbraio-fabbisogno-statale-a-quota-147-miliardi\/"},"modified":"2023-03-01T19:07:54","modified_gmt":"2023-03-01T18:07:54","slug":"a-febbraio-fabbisogno-statale-a-quota-147-miliardi","status":"publish","type":"post","link":"https:\/\/www.messinaoggi.it\/website\/2023\/03\/01\/a-febbraio-fabbisogno-statale-a-quota-147-miliardi\/","title":{"rendered":"A febbraio fabbisogno statale a quota 14,7 miliardi"},"content":{"rendered":"<div>ROMA (ITALPRESS) &#8211; Il ministero dell&#8217;Economia e delle Finanze comunica che la stima del fabbisogno del settore statale di febbraio 2023 \u00e8 pari a 14,7 miliardi. Nel confronto con il corrispondente mese del 2022, che si era chiuso con un fabbisogno di circa 4,3 miliardi, il saldo risente del calo degli incassi dovuto quasi esclusivamente a quelli fiscali introitati tramite F24, a causa sia delle maggiori compensazioni per agevolazioni, sia della flessione dei versamenti per le imposte sostitutive sui redditi da capitale e sulle plusvalenze e sul valore attivo dei fondi pensione. Il versamento dei premi all&#8217;Iinail, che ha scadenza a febbraio, \u00e8 in linea con quello dello scorso anno.<br \/>\nDal lato dei pagamenti si registra un aumento dovuto, principalmente, all&#8217;erogazione dell&#8217;assegno unico e alla rivalutazione delle pensioni, e ai maggiori esborsi delle Amministrazioni centrali, cui contribuisce il trasferimento alla Csea per il contenimento dei prezzi nel settore elettrico e del gas previsto dall&#8217;ultima legge di bilancio e il trasferimento a Invitalia per l&#8217;erogazione del prestito ponte alle Acciaierie Italia (ex Ilva). L&#8217;aumento \u00e8 stato parzialmente compensato dai minori versamenti al bilancio comunitario poich\u00e8 il versamento della rata mensile \u00e8 slittato ai primi di marzo.<br \/>\n(ITALPRESS).<br \/>\n-foto agenziafotogramma.it-<\/div>\n<div id=\"div-gpt-ad-Messinaoggi.it-DSK-300x250-corpoart\" style=\"text-align:center;margin:0 auto;\"><\/div><\/p><div id=\"videoincontent\" style=\"clear:both\";><\/div>","protected":false},"excerpt":{"rendered":"<p>ROMA (ITALPRESS) &#8211; Il ministero dell&#8217;Economia e delle Finanze comunica che la stima del fabbisogno del settore statale di febbraio 2023 \u00e8 pari a 14,7 miliardi. Nel confronto con il corrispondente mese del 2022, che si era chiuso con un fabbisogno di circa 4,3 miliardi, il saldo risente del calo degli incassi dovuto quasi esclusivamente [&hellip;]<\/p>\n","protected":false},"author":18,"featured_media":144374,"comment_status":"closed","ping_status":"closed","sticky":false,"template":"","format":"standard","meta":{"ub_ctt_via":"","_mi_skip_tracking":false},"categories":[446],"tags":[783],"featured_image_src":"https:\/\/www.messinaoggi.it\/website\/wp-content\/uploads\/2023\/03\/20230301_2022.jpg","author_info":{"display_name":"Admin","author_link":"https:\/\/www.messinaoggi.it\/website\/author\/admin\/"},"digistream_id":0,"digistream":false,"_links":{"self":[{"href":"https:\/\/www.messinaoggi.it\/website\/wp-json\/wp\/v2\/posts\/144373"}],"collection":[{"href":"https:\/\/www.messinaoggi.it\/website\/wp-json\/wp\/v2\/posts"}],"about":[{"href":"https:\/\/www.messinaoggi.it\/website\/wp-json\/wp\/v2\/types\/post"}],"author":[{"embeddable":true,"href":"https:\/\/www.messinaoggi.it\/website\/wp-json\/wp\/v2\/users\/18"}],"replies":[{"embeddable":true,"href":"https:\/\/www.messinaoggi.it\/website\/wp-json\/wp\/v2\/comments?post=144373"}],"version-history":[{"count":0,"href":"https:\/\/www.messinaoggi.it\/website\/wp-json\/wp\/v2\/posts\/144373\/revisions"}],"wp:featuredmedia":[{"embeddable":true,"href":"https:\/\/www.messinaoggi.it\/website\/wp-json\/wp\/v2\/media\/144374"}],"wp:attachment":[{"href":"https:\/\/www.messinaoggi.it\/website\/wp-json\/wp\/v2\/media?parent=144373"}],"wp:term":[{"taxonomy":"category","embeddable":true,"href":"https:\/\/www.messinaoggi.it\/website\/wp-json\/wp\/v2\/categories?post=144373"},{"taxonomy":"post_tag","embeddable":true,"href":"https:\/\/www.messinaoggi.it\/website\/wp-json\/wp\/v2\/tags?post=144373"}],"curies":[{"name":"wp","href":"https:\/\/api.w.org\/{rel}","templated":true}]}}