{"id":144371,"date":"2023-03-02T00:07:52","date_gmt":"2023-03-01T23:07:52","guid":{"rendered":"https:\/\/www.messinaoggi.it\/website\/2023\/03\/01\/lavoro-nasce-il-comitato-innovazione-e-trasformazione\/"},"modified":"2023-03-02T09:22:46","modified_gmt":"2023-03-02T08:22:46","slug":"lavoro-nasce-il-comitato-innovazione-e-trasformazione","status":"publish","type":"post","link":"https:\/\/www.messinaoggi.it\/website\/2023\/03\/02\/lavoro-nasce-il-comitato-innovazione-e-trasformazione\/","title":{"rendered":"Lavoro, nasce il Comitato Innovazione e Trasformazione"},"content":{"rendered":"<div>ROMA (ITALPRESS) &#8211; Un gruppo di studio per analizzare i cambiamenti repentini nel mondo del lavoro, come la sperimentazione della settimana lavorativa corta, il tema delle grandi dimissioni post pandemia, l&#8217;impatto dell&#8217;intelligenza artificiale per lavoratori aziende e la conciliazione dei tempi vita-lavoro: nasce oggi il Comitato Innovazione e Trasformazione del lavoro, fondato da MeglioQuesto in collaborazione con l&#8217;Associazione Lavoro&amp;Welfare e con la partecipazione del Presidente della Commissione Lavoro della Camera, Walter Rizzetto. &#8220;Questo comitato ha l&#8217;obiettivo di ricercare, di studiare e fare nuove proposte che consentano al mondo del lavoro di evolversi. E&#8217; in atto un cambiamento importante nel mondo del lavoro, c&#8217;\u00e8 la necessit\u00e0 di ricercare e di farsi venire nuove idee. Per questo, vogliamo dare il nostro contributo, costituendo un comitato ad hoc&#8221;, ha spiegato Felice Saladini, Ceo e founder di MeglioQuesto Spa.<br \/>Il Comitato &#8211; che riunisce esperti del mondo accademico, giuridico e politico, con l&#8217;obiettivo di interpretare e anticipare il mutamento sociale &#8211; nel suo giorno di insediamento ha definito un piano di attivit\u00e0 su alcuni temi, come il lavoro agile e l&#8217;impatto sulla modalit\u00e0 organizzativa e lavorativa, l&#8217;organizzazione produttiva nell&#8217;epoca della transizione digitale ed ecologica, i tempi di vita e del lavoro (dal fenomeno delle &#8220;grandi dimissioni&#8221; post pandemia alla ricerca della qualit\u00e0 del lavoro, fino alla settimana di quattro giornate).<br \/>&#8220;Gi\u00e0 negli ultimi trent&#8217;anni, il mercato del lavoro era cambiato molto&#8221;, ma &#8220;la pandemia \u00e8 stato un drammatico acceleratore&#8221;, ha spiegato Rizzetto. &#8220;Il mercato cambier\u00e0 ancora di pi\u00f9 nel prossimi mesi e nei prossimi anni, in modo rapido: andremo a lavorare per obiettivi e forse meno per orari&#8221;. Spazio anche alla flessibilit\u00e0&#8221;, di cui &#8220;sono un profondo sostenitore&#8221;, ma &#8220;non esiste flessibilit\u00e0 senza adeguata formazione&#8221;. Su alcuni temi come lo smart working &#8220;va migliorata l&#8217;azione politica, perch\u00e8 non siamo arrivati ancora a svilupparlo: siamo ancora al telelavoro&#8221;.<br \/>Stesso discorso per l&#8217;impiego &#8220;dei lavoratori fragili rispetto al mercato del lavoro&#8221;, spiega Rizzetto. Proprio il lavoro agile &#8220;\u00e8 un esperimento spinto in avanti prepotentemente dalla pandemia, che si intreccia con la transizione digitale e tecnologica&#8221;, aggiunge Cesare Damiano, presidente di Lavoro&amp;Welfare. Tra i temi ci sar\u00e0 anche la settimana corta, la possibilit\u00e0 di &#8220;lavorare 4 giorni a parit\u00e0 di salario, o lavorare di pi\u00f9, detassando quella giornata lavorativa e quindi aumentando il guadagno&#8221;, spiega poi Enzo De Fusco, fondatore della &#8220;De Fusco Labour &amp; Legal&#8221;. &#8220;Da diverso tempo \u00e8 in corso un dibattito sul futuro del lavoro e dei nuovi modelli di flessibilit\u00e0 contrattuale e organizzativa&#8221;: bisogna &#8220;pensare al futuro delle tecniche di regolazione di questi modelli&#8221;, ha concluso Maria Giovannone, professore aggregato in Diritto del Mercato del Lavoro dell&#8217;Universit\u00e0 Roma Tre. Oltre ai membri del comitato, questi temi coinvolgeranno anche i protagonisti delle imprese e del giuslavorismo e avranno il supporto di una ricerca quali-quantitativa che analizzer\u00e0 la trasformazione del mondo del lavoro indagato, sia dalla parte dei manager, sia dei lavoratori.<div id=\"div-gpt-ad-Messinaoggi.it-DSK-300x250-corpoart\" style=\"text-align:center;margin:0 auto;\"><\/div><\/p>\n<p>&#8211; foto xi2\/Italpress &#8211;<div id=\"videoincontent\" style=\"clear:both\";><\/div><\/p>\n<p>(ITALPRESS).<\/p><\/div>\n","protected":false},"excerpt":{"rendered":"<p>ROMA (ITALPRESS) &#8211; Un gruppo di studio per analizzare i cambiamenti repentini nel mondo del lavoro, come la sperimentazione della settimana lavorativa corta, il tema delle grandi dimissioni post pandemia, l&#8217;impatto dell&#8217;intelligenza artificiale per lavoratori aziende e la conciliazione dei tempi vita-lavoro: nasce oggi il Comitato Innovazione e Trasformazione del lavoro, fondato da MeglioQuesto in [&hellip;]<\/p>\n","protected":false},"author":18,"featured_media":144372,"comment_status":"closed","ping_status":"closed","sticky":false,"template":"","format":"standard","meta":{"ub_ctt_via":"","_mi_skip_tracking":false},"categories":[446,11],"tags":[783],"featured_image_src":"https:\/\/www.messinaoggi.it\/website\/wp-content\/uploads\/2023\/03\/20230301_2020.jpg","author_info":{"display_name":"Admin","author_link":"https:\/\/www.messinaoggi.it\/website\/author\/admin\/"},"digistream_id":0,"digistream":false,"_links":{"self":[{"href":"https:\/\/www.messinaoggi.it\/website\/wp-json\/wp\/v2\/posts\/144371"}],"collection":[{"href":"https:\/\/www.messinaoggi.it\/website\/wp-json\/wp\/v2\/posts"}],"about":[{"href":"https:\/\/www.messinaoggi.it\/website\/wp-json\/wp\/v2\/types\/post"}],"author":[{"embeddable":true,"href":"https:\/\/www.messinaoggi.it\/website\/wp-json\/wp\/v2\/users\/18"}],"replies":[{"embeddable":true,"href":"https:\/\/www.messinaoggi.it\/website\/wp-json\/wp\/v2\/comments?post=144371"}],"version-history":[{"count":1,"href":"https:\/\/www.messinaoggi.it\/website\/wp-json\/wp\/v2\/posts\/144371\/revisions"}],"predecessor-version":[{"id":144405,"href":"https:\/\/www.messinaoggi.it\/website\/wp-json\/wp\/v2\/posts\/144371\/revisions\/144405"}],"wp:featuredmedia":[{"embeddable":true,"href":"https:\/\/www.messinaoggi.it\/website\/wp-json\/wp\/v2\/media\/144372"}],"wp:attachment":[{"href":"https:\/\/www.messinaoggi.it\/website\/wp-json\/wp\/v2\/media?parent=144371"}],"wp:term":[{"taxonomy":"category","embeddable":true,"href":"https:\/\/www.messinaoggi.it\/website\/wp-json\/wp\/v2\/categories?post=144371"},{"taxonomy":"post_tag","embeddable":true,"href":"https:\/\/www.messinaoggi.it\/website\/wp-json\/wp\/v2\/tags?post=144371"}],"curies":[{"name":"wp","href":"https:\/\/api.w.org\/{rel}","templated":true}]}}