{"id":144351,"date":"2023-03-01T16:07:54","date_gmt":"2023-03-01T15:07:54","guid":{"rendered":"https:\/\/www.messinaoggi.it\/website\/2023\/03\/01\/immigrazione-schlein-da-piantedosi-parole-indegne-si-dimetta\/"},"modified":"2023-03-02T09:23:29","modified_gmt":"2023-03-02T08:23:29","slug":"immigrazione-schlein-da-piantedosi-parole-indegne-si-dimetta","status":"publish","type":"post","link":"https:\/\/www.messinaoggi.it\/website\/2023\/03\/01\/immigrazione-schlein-da-piantedosi-parole-indegne-si-dimetta\/","title":{"rendered":"Immigrazione, Schlein \u201cDa Piantedosi parole indegne, si dimetta\u201d"},"content":{"rendered":"<div>ROMA (ITALPRESS) &#8211; &#8220;Sono rimasta molto colpita dalle sue parole. Credo che le sue dichiarazioni dopo la strage di Crotone siano suonate a tutta Italia indegne di un ministro, disumane e totalmente inaccettabili e non adeguate al ruolo. Le persone che partono fuggono da qualcosa, da situazioni che lei dall&#8217;alto dei suoi privilegi probailmente non ha mai visuto neanche da lontano  <br \/>Queste dichiarazioni hanno trasformato le vittime in colpevoli.<br \/>Quindi voglio chiederle chi \u00e8 lei per stabilire che cosa giustifichi o meno la disperazone se la scelta \u00e8 molto spesso tra il richio di morte per tortura o il rischio in mare. Perch\u00e8 non si \u00e8 fatto l&#8217;altra domanda, quella giusta, cio\u00e8 quale alternativa hanno e cosa le istituzioni itaiane ed eurpeee possono fare per coswtuire un&#8217;alernativa per chi fugge in cerca di protezione internazonale e ne ha diritto&#8221;. Cos\u00ec la segretaria del Pd, Elly Schlein durante l&#8217;audizione del ministro dell&#8217;Interno Matteo Piantedosi in commissione Affari costituzionali della Camera. <br \/>&#8220;Noi vogliamo che si chiariscano dinamiche e responsabilit\u00e0 di quello che \u00e8 accaduto. Il comandante della Capitaneria di porto di Crotone ha detto che quelle persone si potevano salvare. Perch\u00e8 non c&#8217;\u00e8 stato l&#8217;intervento dela Guardia Costiera che forse avrebe potuto evitare questa strage? C&#8217;erano molte persone e si avevano gli strumenti per capire che quelle persone erano a rischio. Noi attendiamo fiduciosi le risultanze delle indagini, ma dal punto di vista delle responsabilit\u00e0 politiche, anche solo le dichiarazioni suggeriscono le sue dimissioni e per Meloni una riflessione molto profonda&#8221;, ha aggiunto.<br \/>(ITALPRESS).<br \/>-foto agenziafotogramma.it-<\/div>\n<div id=\"div-gpt-ad-Messinaoggi.it-DSK-300x250-corpoart\" style=\"text-align:center;margin:0 auto;\"><\/div><\/p><div id=\"videoincontent\" style=\"clear:both\";><\/div>","protected":false},"excerpt":{"rendered":"<p>ROMA (ITALPRESS) &#8211; &#8220;Sono rimasta molto colpita dalle sue parole. Credo che le sue dichiarazioni dopo la strage di Crotone siano suonate a tutta Italia indegne di un ministro, disumane e totalmente inaccettabili e non adeguate al ruolo. Le persone che partono fuggono da qualcosa, da situazioni che lei dall&#8217;alto dei suoi privilegi probailmente non [&hellip;]<\/p>\n","protected":false},"author":18,"featured_media":144352,"comment_status":"closed","ping_status":"closed","sticky":false,"template":"","format":"standard","meta":{"ub_ctt_via":"","_mi_skip_tracking":false},"categories":[446,4],"tags":[783],"featured_image_src":"https:\/\/www.messinaoggi.it\/website\/wp-content\/uploads\/2023\/03\/20230301_1683.jpg","author_info":{"display_name":"Admin","author_link":"https:\/\/www.messinaoggi.it\/website\/author\/admin\/"},"digistream_id":0,"digistream":false,"_links":{"self":[{"href":"https:\/\/www.messinaoggi.it\/website\/wp-json\/wp\/v2\/posts\/144351"}],"collection":[{"href":"https:\/\/www.messinaoggi.it\/website\/wp-json\/wp\/v2\/posts"}],"about":[{"href":"https:\/\/www.messinaoggi.it\/website\/wp-json\/wp\/v2\/types\/post"}],"author":[{"embeddable":true,"href":"https:\/\/www.messinaoggi.it\/website\/wp-json\/wp\/v2\/users\/18"}],"replies":[{"embeddable":true,"href":"https:\/\/www.messinaoggi.it\/website\/wp-json\/wp\/v2\/comments?post=144351"}],"version-history":[{"count":1,"href":"https:\/\/www.messinaoggi.it\/website\/wp-json\/wp\/v2\/posts\/144351\/revisions"}],"predecessor-version":[{"id":144408,"href":"https:\/\/www.messinaoggi.it\/website\/wp-json\/wp\/v2\/posts\/144351\/revisions\/144408"}],"wp:featuredmedia":[{"embeddable":true,"href":"https:\/\/www.messinaoggi.it\/website\/wp-json\/wp\/v2\/media\/144352"}],"wp:attachment":[{"href":"https:\/\/www.messinaoggi.it\/website\/wp-json\/wp\/v2\/media?parent=144351"}],"wp:term":[{"taxonomy":"category","embeddable":true,"href":"https:\/\/www.messinaoggi.it\/website\/wp-json\/wp\/v2\/categories?post=144351"},{"taxonomy":"post_tag","embeddable":true,"href":"https:\/\/www.messinaoggi.it\/website\/wp-json\/wp\/v2\/tags?post=144351"}],"curies":[{"name":"wp","href":"https:\/\/api.w.org\/{rel}","templated":true}]}}