{"id":14432,"date":"2018-01-17T15:29:36","date_gmt":"2018-01-17T14:29:36","guid":{"rendered":"http:\/\/www.messinaoggi.it\/website\/?p=14432"},"modified":"2018-01-17T15:29:36","modified_gmt":"2018-01-17T14:29:36","slug":"caos-pascoli-crispi-la-matassa-si-fa-sempre-piu-ingarbugliata","status":"publish","type":"post","link":"https:\/\/www.messinaoggi.it\/website\/2018\/01\/17\/caos-pascoli-crispi-la-matassa-si-fa-sempre-piu-ingarbugliata\/","title":{"rendered":"Caos Pascoli-Crispi, la matassa si fa sempre pi\u00f9 ingarbugliata"},"content":{"rendered":"<p style=\"text-align: justify;\">Dopo pi\u00f9 di una settimana dalla seconda tranche di interventi all\u2019interno della Pascoli-Crispi, il futuro della scuola \u00e8 sempre pi\u00f9 ingarbugliato. Ieri il sopralluogo dell\u2019Asp per verificare le condizioni degli immobili dopo il rinvenimento di polveri nere la mattina dell\u20198 gennaio, ma la relazione redatta non \u00e8 stata risolutiva affinch\u00e8 si possa procedere con la riapertura del plesso. Infatti sarebbero state rinvenute altre macchie nere, ed \u00e8 incredibile visto che gli interventi di pulizia sono stati eseguiti in due momenti.<div id=\"div-gpt-ad-Messinaoggi.it-DSK-300x250-corpoart\" style=\"text-align:center;margin:0 auto;\"><\/div><\/p>\n<p style=\"text-align: justify;\">Il primo dopo l\u2019incendio della fotocopiatrice del 5 dicembre scorso che ha portato alla chiusura del plesso fino all\u20198 gennaio, il secondo\u00a0 che invece si \u00e8 sviluppato nell\u2019ultima settimana. Ma nonostante le indicazioni dell\u2019Asp, gli interventi effettuati non sono stati risolutivi. Ma c\u2019\u00e8 di pi\u00f9. Ieri l\u2019Asp ha preso atto della situazione, chiedendo che vengano fatte altre opere di pulizia e ritinteggiatura di alcune zone del primo piano, l\u2019Arpa ha prodotto un documento sulla stessa lunghezza d\u2019onda, interpellando a sua volta l\u2019Istituto Medico del Lavoro.<div id=\"videoincontent\" style=\"clear:both\";><\/div><\/p>\n<p style=\"text-align: justify;\">Il vero problema \u00e8 che tutte queste realt\u00e0 hanno sempre comunicato se non attraverso documenti, intanto il tempo scorre e i gli alunni continuano a svolgere le lezioni alla Boer durante le ore pomeridiane. Tutto questo per la \u201cgioia\u201d dei genitori, ormai stremati da una situazione paradossale che dura da inizio dicembre. Proprio tra i genitori c\u2019\u00e8 chi non reputa insormontabili le prescrizioni dell\u2019Asp ed \u00e8 pronto a chiedere alla dirigente scolastica, Giuseppina Broccio, la riapertura del plesso. Quest\u2019ultima per\u00f2 non ha alcuna intenzione di far tornare gli alunni a scuola se prima tutti gli organi tecnici non scioglieranno tutte le riserve. Insomma siamo davanti al classico cane che si morde la corda.<\/p>\n<p style=\"text-align: justify;\">A mettere tutti attorno ad un tavolo, ci starebbe pensando l\u2019assessore, Federico Alagna, che ha gi\u00e0 inoltrato al sindaco Renato Accorinti, la necessit\u00e0 di programmare per domani un tavolo tecnico. Dopodomani potrebbe essere la giornata della svolta, i tecnici dell\u2019Istituto Medico del Lavoro effettueranno un sopralluogo e se dal tavolo tecnico uscisse fuori una posizione univoca, allora la riapertura sarebbe molto vicina. Della vicenda si discute anche a Palazzo Zanca. Il consigliere comunale, Carlo Cantali ha chiesto che il fatto approdi tra i banchi della commissione Sanit\u00e0, presieduta da Cecilia Caccamo.<\/p>\n<p style=\"text-align: justify;\">Venerd\u00ec ci sar\u00e0 la seduta congiunta tra la VII e la X commissione, dall\u2019esito dell\u2019incontro dipender\u00e0 la decisione dell\u2019esponente di Cambiamo Messina dal Basso di \u00a0effettuare una seduta straordinaria. Intanto anche la presidente del Consiglio Comunale, Emilia Barrile e il presidente della IV circoscrizione, Francesco Palano Quero, hanno chiesto un incontro urgente con il dirigente scolastico, il presidente del Consiglio d\u2019Istituto, il responsabile dell\u2019Asp, con il dirigente del dipartimento Manutenzione Stabili Comunali, con il dirigente delle Politiche Culturali ed Educative, affinch\u00e8 \u201cevitando notizie frammentarie ed inesatte, si possano riaprire in sicurezza i locali della scuola e trovare una definitiva soluzione al problema\u201d.<\/p>\n","protected":false},"excerpt":{"rendered":"<p>Dopo pi\u00f9 di una settimana dalla seconda tranche di interventi all\u2019interno della Pascoli-Crispi, il futuro della scuola \u00e8 sempre pi\u00f9 ingarbugliato. Ieri il sopralluogo dell\u2019Asp per verificare le condizioni degli immobili dopo il rinvenimento di polveri nere la mattina dell\u20198 gennaio, ma la relazione redatta non \u00e8 stata risolutiva affinch\u00e8 si possa procedere con la [&hellip;]<\/p>\n","protected":false},"author":1,"featured_media":12656,"comment_status":"closed","ping_status":"open","sticky":false,"template":"","format":"standard","meta":{"ub_ctt_via":"","_mi_skip_tracking":false},"categories":[6],"tags":[],"featured_image_src":"https:\/\/www.messinaoggi.it\/website\/wp-content\/uploads\/2017\/12\/scuola-Crispi-Pascoli-aula-bruciata-messinaoggiMR.jpg","author_info":{"display_name":"admin@admin.com","author_link":"https:\/\/www.messinaoggi.it\/website\/author\/adminadmin-com\/"},"digistream_id":0,"digistream":false,"_links":{"self":[{"href":"https:\/\/www.messinaoggi.it\/website\/wp-json\/wp\/v2\/posts\/14432"}],"collection":[{"href":"https:\/\/www.messinaoggi.it\/website\/wp-json\/wp\/v2\/posts"}],"about":[{"href":"https:\/\/www.messinaoggi.it\/website\/wp-json\/wp\/v2\/types\/post"}],"author":[{"embeddable":true,"href":"https:\/\/www.messinaoggi.it\/website\/wp-json\/wp\/v2\/users\/1"}],"replies":[{"embeddable":true,"href":"https:\/\/www.messinaoggi.it\/website\/wp-json\/wp\/v2\/comments?post=14432"}],"version-history":[{"count":0,"href":"https:\/\/www.messinaoggi.it\/website\/wp-json\/wp\/v2\/posts\/14432\/revisions"}],"wp:featuredmedia":[{"embeddable":true,"href":"https:\/\/www.messinaoggi.it\/website\/wp-json\/wp\/v2\/media\/12656"}],"wp:attachment":[{"href":"https:\/\/www.messinaoggi.it\/website\/wp-json\/wp\/v2\/media?parent=14432"}],"wp:term":[{"taxonomy":"category","embeddable":true,"href":"https:\/\/www.messinaoggi.it\/website\/wp-json\/wp\/v2\/categories?post=14432"},{"taxonomy":"post_tag","embeddable":true,"href":"https:\/\/www.messinaoggi.it\/website\/wp-json\/wp\/v2\/tags?post=14432"}],"curies":[{"name":"wp","href":"https:\/\/api.w.org\/{rel}","templated":true}]}}