{"id":144154,"date":"2023-02-28T13:17:53","date_gmt":"2023-02-28T12:17:53","guid":{"rendered":"https:\/\/www.messinaoggi.it\/website\/2023\/02\/28\/presidente-irfis-valorizzare-la-qualita-delle-imprese-in-sicilia\/"},"modified":"2023-02-28T13:51:13","modified_gmt":"2023-02-28T12:51:13","slug":"presidente-irfis-valorizzare-la-qualita-delle-imprese-in-sicilia","status":"publish","type":"post","link":"https:\/\/www.messinaoggi.it\/website\/2023\/02\/28\/presidente-irfis-valorizzare-la-qualita-delle-imprese-in-sicilia\/","title":{"rendered":"Presidente Irfis \u201cValorizzare la qualit\u00e0 delle imprese in Sicilia\u201d"},"content":{"rendered":"<div>\n<p>PALERMO (ITALPRESS) \u2013 \u201cVisione, senso di responsabilit\u00e0 e lavoro di squadra: questa la ricetta per navigare nel mare di questa nuova sfida\u201d. Con queste parole la neo presidente Iolanda Riolo commenta il nuovo incarico che la vede alla guida dell\u2019Irfis, l\u2019istituto finanziario della Regione Siciliana. L\u2019imprenditrice palermitana a capo delle concessionarie automobilistiche dell\u2019omonimo gruppo \u00e8 stata scelta dal presidente Renato Schifani ed eletta dall\u2019assemblea dei soci.  <br \/>Imprenditrice nel settore dell\u2019automotive, Iolanda Riolo \u00e8 oggi socio di maggioranza e manager del Gruppo Riolo. \u201cProvo gratitudine per questa nomina \u2013 commenta \u2013 nei confronti di chi ha pensato a un\u2019imprenditrice donna per rivestire un incarico cos\u00ec importante. Un\u2019imprenditrice che non ha a che fare con il mondo della politica se non come cittadina che vive in un dato territorio e, in base alle proprie competenze ed esperienze, si mette a disposizione\u201d.<br \/>Chapter leader per la Bocconi Alumni Community, \u00e8 anche cavaliere del Marketing ed ex assessore all\u2019Innovazione e alla Mobilit\u00e0 del Comune di Palermo. \u201cLa mia passione per il mondo dell\u2019impresa ha origini lontane \u2013 prosegue Iolanda Riolo -. Sin da bambina ho respirato aria di azienda grazie alle persone che avevo intorno. Sono cresciuta ammirando mia nonna Iolanda Riolo, donna manager degli anni \u201950 nell\u2019azienda di famiglia. Io con lei, prima nella concessionaria in via delle Alpi poi con sua figlia \u2013 mia zia \u2013 in via Siracusa, passavo le mie estati in ufficio. Ecco perch\u00e8 per me quella dell\u2019azienda \u00e8 una dimensione naturale. So cosa significa mettersi al servizio di un\u2019impresa e dare la propria vita per vederla crescere. Riconosco il valore non soltanto quantitativo di un\u2019azienda, ma anche espresso in termini \u2018qualitativ\u00ec. Il merito \u00e8 certamente la chiave di volta delle aziende di successo, ma pu\u00f2 assumere valori diversi a seconda di chi lo interpreta. Ecco in cosa pu\u00f2 consistere il mio nuovo ruolo teso a valorizzare le qualit\u00e0 delle imprese del nostro territorio\u201d. <br \/>Membro dell\u2019Aidda (Associazione Italiana Donne Dirigenti d\u2019Azienda), da imprenditrice visionaria, \u00e8 anche founder del progetto \u201cL\u2019impresa al centro\u201d, un network virtuoso pensato per mettere in rete le aziende del territorio. \u201cAnche nel mio lavoro ho dovuto curare le risorse finanziarie \u2013 spiega ancora \u2013 mantenendo quasi una doppia posizione. Ho cominciato con una piccola azienda che contava appena 30 dipendenti, per poi ricevere la fiducia non solo delle diverse case automobilistiche ma anche delle banche e cos\u00ec crescere\u201d.<br \/>E\u2019 la fiducia, dunque, la parola chiave. \u201cSenza fiducia \u2013 conclude Riolo \u2013 ma anche senza progettualit\u00e0 non si pu\u00f2 diventare grandi. Ecco perch\u00e8, insieme alla visione, servono progetti a medio termine e un\u2019ottima squadra su cui poter contare. L\u2019organizzazione di un\u2019azienda \u00e8 un asset cui dare un valore preponderante in un contesto socio-economico cos\u00ec turbolento come quello che tutte le aziende stanno vivendo in questi giorni segnati dagli scenari bellici e dalle naturali refluenze nel settore bancario\u201d.<br \/>Foto ufficio stampa Gruppo Riolo<br \/>(ITALPRESS).<div id=\"div-gpt-ad-Messinaoggi.it-DSK-300x250-corpoart\" style=\"text-align:center;margin:0 auto;\"><\/div><\/p>\n<\/div>\n<div id=\"videoincontent\" style=\"clear:both\";><\/div>","protected":false},"excerpt":{"rendered":"<p>PALERMO (ITALPRESS) \u2013 \u201cVisione, senso di responsabilit\u00e0 e lavoro di squadra: questa la ricetta per navigare nel mare di questa nuova sfida\u201d. Con queste parole la neo presidente Iolanda Riolo commenta il nuovo incarico che la vede alla guida dell\u2019Irfis, l\u2019istituto finanziario della Regione Siciliana. L\u2019imprenditrice palermitana a capo delle concessionarie automobilistiche dell\u2019omonimo gruppo \u00e8 [&hellip;]<\/p>\n","protected":false},"author":18,"featured_media":144155,"comment_status":"closed","ping_status":"closed","sticky":false,"template":"","format":"standard","meta":{"ub_ctt_via":"","_mi_skip_tracking":false},"categories":[11,2449],"tags":[783],"featured_image_src":"https:\/\/www.messinaoggi.it\/website\/wp-content\/uploads\/2023\/02\/20230228_0518.jpg","author_info":{"display_name":"Admin","author_link":"https:\/\/www.messinaoggi.it\/website\/author\/admin\/"},"digistream_id":0,"digistream":false,"_links":{"self":[{"href":"https:\/\/www.messinaoggi.it\/website\/wp-json\/wp\/v2\/posts\/144154"}],"collection":[{"href":"https:\/\/www.messinaoggi.it\/website\/wp-json\/wp\/v2\/posts"}],"about":[{"href":"https:\/\/www.messinaoggi.it\/website\/wp-json\/wp\/v2\/types\/post"}],"author":[{"embeddable":true,"href":"https:\/\/www.messinaoggi.it\/website\/wp-json\/wp\/v2\/users\/18"}],"replies":[{"embeddable":true,"href":"https:\/\/www.messinaoggi.it\/website\/wp-json\/wp\/v2\/comments?post=144154"}],"version-history":[{"count":1,"href":"https:\/\/www.messinaoggi.it\/website\/wp-json\/wp\/v2\/posts\/144154\/revisions"}],"predecessor-version":[{"id":144156,"href":"https:\/\/www.messinaoggi.it\/website\/wp-json\/wp\/v2\/posts\/144154\/revisions\/144156"}],"wp:featuredmedia":[{"embeddable":true,"href":"https:\/\/www.messinaoggi.it\/website\/wp-json\/wp\/v2\/media\/144155"}],"wp:attachment":[{"href":"https:\/\/www.messinaoggi.it\/website\/wp-json\/wp\/v2\/media?parent=144154"}],"wp:term":[{"taxonomy":"category","embeddable":true,"href":"https:\/\/www.messinaoggi.it\/website\/wp-json\/wp\/v2\/categories?post=144154"},{"taxonomy":"post_tag","embeddable":true,"href":"https:\/\/www.messinaoggi.it\/website\/wp-json\/wp\/v2\/tags?post=144154"}],"curies":[{"name":"wp","href":"https:\/\/api.w.org\/{rel}","templated":true}]}}